{"id":6214,"date":"2024-11-04T17:52:19","date_gmt":"2024-11-04T16:52:19","guid":{"rendered":"https:\/\/didoc.be\/?p=6214"},"modified":"2024-11-04T17:57:44","modified_gmt":"2024-11-04T16:57:44","slug":"pourquoi-je-mexcuse-aupres-des-catholiques","status":"publish","type":"post","link":"https:\/\/didoc.be\/fr\/pourquoi-je-mexcuse-aupres-des-catholiques\/","title":{"rendered":"Pourquoi je m\u2019excuse aupr\u00e8s des catholiques"},"content":{"rendered":"<p>J\u2019ai \u00e9t\u00e9 activiste Femen de 2012 \u00e0 2015. Durant ces ann\u00e9es, j\u2019ai men\u00e9 plusieurs actions contre l\u2019\u00c9glise catholique, notamment lors d\u2019une campagne en faveur du mariage gay. C\u2019\u00e9tait il y a onze ans. Aujourd\u2019hui, mes convictions et ma sensibilit\u00e9 ont \u00e9volu\u00e9. Je veux vous expliquer pourquoi, et je veux m\u2019excuser aupr\u00e8s des catholiques.<\/p>\n<p>Cela fait bient\u00f4t cinq ans que j\u2019exprime mon opposition face \u00e0 l\u2019id\u00e9ologie transgenre. Au d\u00e9but, je militais contre des choses basiques, comme la pr\u00e9sence d\u2019hommes dans les sports des femmes. Et puis j\u2019ai creus\u00e9 le sujet et j\u2019ai compris qu\u2019au-del\u00e0 du danger pour les femmes et les enfants, le transgenrisme repr\u00e9sente une menace civilisationnelle. Le transgenrisme ne cr\u00e9e pas, il d\u00e9truit. Il pr\u00f4ne la destruction des corps, le non-respect du vivant, l\u2019abolition des diff\u00e9rences entre femmes et hommes, la destruction de notre inn\u00e9it\u00e9, et de la culture qui nous unit. Il rel\u00e8ve de la pulsion de mort et de la haine de soi.<\/p>\n<p>En attaquant la religion catholique, je me demande si je n\u2019\u00e9tais pas moi aussi dans une logique de destruction et de haine de soi. Bien que non croyante, je suis baptis\u00e9e, j\u2019ai fait ma premi\u00e8re communion, et surtout, j\u2019ai grandi dans un pays dont l\u2019histoire, l\u2019architecture et les m\u0153urs ont \u00e9t\u00e9 fa\u00e7onn\u00e9s par l\u2019\u00c9glise. Rejeter cela, entrer dans Notre-Dame de Paris en hurlant, \u00e9tait une fa\u00e7on d\u2019ab\u00eemer une partie de la France, c\u2019est-\u00e0-dire une partie de moi-m\u00eame. \u00c0 22 ans, je ne m\u2019en rendais pas compte. Pourtant, cette cath\u00e9drale, je l\u2019aimais\u00a0; je me souviens qu\u2019au lendemain de son incendie, je suis all\u00e9e pleurer dans une \u00e9glise. Mais il arrive que l\u2019on aime mal.<\/p>\n<p>Mon opposition au transgenrisme m\u2019a rendue patriote. Quand la quasi-totalit\u00e9 de mon entourage m\u2019a rejet\u00e9e \u00e0 cause de mes prises de position, j\u2019ai r\u00e9alis\u00e9 que mon pays \u00e9tait mon seul ancrage profond, et qu\u2019il est aujourd\u2019hui en danger, dilu\u00e9 dans la mondialisation et d\u00e9figur\u00e9 par l\u2019immigration de masse. \u00c7a m\u2019a rendue conservatrice. J\u2019ai r\u00e9alis\u00e9 qu\u2019il fallait absolument qu\u2019on sauve ce qu\u2019il nous reste, qu\u2019on ne pouvait pas tout recr\u00e9er en permanence et rejeter le pass\u00e9 sous pr\u00e9texte qu\u2019il est imparfait. La France est un pays catholique. Elle doit le rester, et pour cela, nous devons continuer \u00e0 faire vivre ses rites.<\/p>\n<p>Il y a quelques semaines, un ami m\u2019a emmen\u00e9e \u00e0 la messe pour Philippine [jeune \u00e9tudiante retrouv\u00e9e assassin\u00e9e, en septembre dernier\u00a0; NDLR]\u00a0: \u00ab\u00a0Il faut c\u00e9l\u00e9brer ses morts\u00a0\u00bb. Devant la beaut\u00e9 de la cath\u00e9drale, des chants, de la c\u00e9r\u00e9monie, je me sentais appartenir \u00e0 une grande civilisation. L\u2019abb\u00e9 Grosjean a r\u00e9p\u00e9t\u00e9 plusieurs fois que les non-croyants \u00e9taient parfaitement \u00e0 leur place ici. Je me suis dit qu\u2019on n\u2019entendrait jamais \u00e7a dans une mosqu\u00e9e. Bien s\u00fbr, rien ne ram\u00e8nera Philippine, et rien ne sera r\u00e9par\u00e9. Mais c\u2019\u00e9tait prendre soin du royaume des vivants, que d\u2019accomplir ce dernier rite autour de celle qui venait de rejoindre celui des morts.<\/p>\n<p>Les rites nous rassemblent, ils apaisent, parfois r\u00e9parent, et r\u00e9gulent nos \u00e9motions, ils nous ancrent dans le pr\u00e9sent en nous rappelant ce qui nous a pr\u00e9c\u00e9d\u00e9. Le \u00ab\u00a0vivre-ensemble\u00a0\u00bb est une notion th\u00e9orique, les rites sont une de leur application dans le r\u00e9el. Bon nombre des n\u00f4tres reposent sur l\u2019\u00c9glise catholique, et m\u00eame les incroyants devraient se battre pour les pr\u00e9server. Et puis il y a autre chose\u00a0: il y a ce qui nous d\u00e9passe. Les clochers qui nous surplombent et qui habillent nos paysages sonores. La grandeur des \u00e9difices. L\u2019\u00e9merveillement en entrant dans une \u00e9glise. La beaut\u00e9. Et la foi des croyants. Je suis d\u00e9sol\u00e9e d\u2019avoir pi\u00e9tin\u00e9 cela.<\/p>\n<p>En creusant le sujet trans, j\u2019ai compris que le transgenrisme \u00e9tait un projet transhumaniste, o\u00f9 l\u2019\u00eatre humain se comporte comme son propre cr\u00e9ateur. Cela m\u2019effraie, car que fait-on de l\u2019inconnu, du myst\u00e8re, de l\u2019enchantement, de ce qui nous d\u00e9passe\u00a0? Cela m\u2019effraie car je crois que l\u2019\u00eatre humain doit rester \u00e0 sa place de cr\u00e9ature et non de cr\u00e9ateur. Sans croire en Dieu, sur certains points, j\u2019arrive finalement aux m\u00eames conclusions que les catholiques.<\/p>\n<p>Alors voil\u00e0, en accord avec la loi de 1905, j\u2019estime toujours que le blasph\u00e8me est un droit qui doit \u00eatre prot\u00e9g\u00e9. Si l\u2019\u00c9tat ne reconna\u00eet aucune religion, alors il doit \u00eatre possible de critiquer, voire de se moquer d\u2019une institution religieuse au m\u00eame titre que d\u2019une institution politique. Mais si le blasph\u00e8me est l\u00e9gal, il n\u2019est pas toujours moral.<\/p>\n<p>C\u2019est \u00e0 la mode actuellement, de d\u00e9nigrer les catholiques, et de les faire passer pour des idiots vieille-France, insuffisamment branch\u00e9s pour m\u00e9riter le statut d\u2019\u00eatre humain. Par le pass\u00e9, j\u2019ai utilis\u00e9 ce climat pour agir de fa\u00e7on immorale, tout en participant \u00e0 le renforcer. Je pr\u00e9sente de sinc\u00e8res excuses pour cela.<\/p>\n<p><em>Source : <a href=\"https:\/\/www.famillechretienne.fr\/43698\/article\/marguerite-stern-ex-femen-pourquoi-je-mexcuse-aupres-des-catholiques\">https:\/\/www.famillechretienne.fr\/43698\/article\/marguerite-stern-ex-femen-pourquoi-je-mexcuse-aupres-des-catholiques<\/a>.<\/em><\/p>\n","protected":false},"excerpt":{"rendered":"<p>Une ancienne activiste Femen revient sur ses actions pass\u00e9es contre l\u2019\u00c9glise catholique et exprime ses excuses.<\/p>\n","protected":false},"author":12,"featured_media":6220,"comment_status":"closed","ping_status":"closed","sticky":false,"template":"","format":"standard","meta":{"inline_featured_image":false,"footnotes":""},"categories":[70,22,56,66],"tags":[379,378],"class_list":["post-6214","post","type-post","status-publish","format-standard","has-post-thumbnail","hentry","category-eglise","category-non-classifiee","category-papers-fr","category-societe","tag-femen","tag-transgenrisme"],"acf":[],"_links":{"self":[{"href":"https:\/\/didoc.be\/fr\/wp-json\/wp\/v2\/posts\/6214","targetHints":{"allow":["GET"]}}],"collection":[{"href":"https:\/\/didoc.be\/fr\/wp-json\/wp\/v2\/posts"}],"about":[{"href":"https:\/\/didoc.be\/fr\/wp-json\/wp\/v2\/types\/post"}],"author":[{"embeddable":true,"href":"https:\/\/didoc.be\/fr\/wp-json\/wp\/v2\/users\/12"}],"replies":[{"embeddable":true,"href":"https:\/\/didoc.be\/fr\/wp-json\/wp\/v2\/comments?post=6214"}],"version-history":[{"count":0,"href":"https:\/\/didoc.be\/fr\/wp-json\/wp\/v2\/posts\/6214\/revisions"}],"wp:featuredmedia":[{"embeddable":true,"href":"https:\/\/didoc.be\/fr\/wp-json\/wp\/v2\/media\/6220"}],"wp:attachment":[{"href":"https:\/\/didoc.be\/fr\/wp-json\/wp\/v2\/media?parent=6214"}],"wp:term":[{"taxonomy":"category","embeddable":true,"href":"https:\/\/didoc.be\/fr\/wp-json\/wp\/v2\/categories?post=6214"},{"taxonomy":"post_tag","embeddable":true,"href":"https:\/\/didoc.be\/fr\/wp-json\/wp\/v2\/tags?post=6214"}],"curies":[{"name":"wp","href":"https:\/\/api.w.org\/{rel}","templated":true}]}}