{"id":6062,"date":"2024-10-05T16:50:58","date_gmt":"2024-10-05T14:50:58","guid":{"rendered":"https:\/\/didoc.be\/?p=6062"},"modified":"2024-10-05T16:53:54","modified_gmt":"2024-10-05T14:53:54","slug":"les-universites-et-la-visite-du-pape","status":"publish","type":"post","link":"https:\/\/didoc.be\/fr\/les-universites-et-la-visite-du-pape\/","title":{"rendered":"Les universit\u00e9s et la visite du pape"},"content":{"rendered":"<p>Je n\u2019\u00e9tais pas un grand partisan de la visite du pape Fran\u00e7ois. Tout d\u2019abord, J\u2019\u00e9tais loin d\u2019\u00eatre s\u00fbr qu\u2019il allait r\u00e9ellement venir, vu son voyage en Asie, long et fatigant, qui pr\u00e9c\u00e9dait sa visite au Luxembourg et \u00e0 la Belgique. En plus, le contexte du voyage \u00e9tait difficile. La visite risquait de se r\u00e9duire \u00e0 une longue discussion sur le sort des victimes d\u2019abus sexuels. Et le climat et la migration, les th\u00e8mes choisis par les deux universit\u00e9s catholiques, semblaient formels et peu dangereux.<\/p>\n<p>Cependant, la r\u00e9alit\u00e9 a \u00e9t\u00e9 diff\u00e9rente. Le Pape s\u2019est entretenu beaucoup plus longtemps que pr\u00e9vu et apparemment en profondeur avec les victimes d\u2019abus sexuels. Surtout pour la presse flamande c\u2019\u00e9tait le seul th\u00e8me de la visite qui comptait vraiment. \u00c0 maintes reprises et avec fermet\u00e9 le pape Fran\u00e7ois est revenu sur le sujet, y compris au stade Roi Baudouin.<\/p>\n<h3>Invitation universitaire<\/h3>\n<p>Regardons maintenant de plus pr\u00e8s la rencontre avec les universit\u00e9s. \u00c0 Leuven, dans la salle de promotion donnant place \u00e0 un peu plus de 200 personnes, surtout des dignitaires politiques, religieux et acad\u00e9miques \u00e9taient repr\u00e9sent\u00e9s. Les \u00e9tudiants et les professeurs manquaient presque compl\u00e8tement. M\u00eame les deux pr\u00eatres enseignant \u00e0 la facult\u00e9 de droit canonique, dont je fais partie, n\u2019\u00e9taient pas invit\u00e9s. Compar\u00e9 \u00e0 Leuven, l\u2019ambiance \u00e0 Louvain-la-Neuve \u00e9tait beaucoup plus enthousiaste, joyeuse et vivante, il faut le constater.<\/p>\n<p>Avant d\u2019analyser l\u2019accueil r\u00e9serv\u00e9 au Pape par les autorit\u00e9s acad\u00e9miques, n\u2019oublions pas que l\u2019anniversaire de l\u2019universit\u00e9 de Louvain \u00e9tait la raison principale de la visite du Pape. Ce sont les universit\u00e9s qui, avec l\u2019appui de la maison royale et des \u00e9v\u00eaques, ont lanc\u00e9 l\u2019invitation.<\/p>\n<p>Ainsi, \u00e0 Leuven, le recteur \u00e9tait l\u2019h\u00f4te et le Pape l\u2019invit\u00e9. L\u2019h\u00f4te vantait les m\u00e9rites de son universit\u00e9, sa renomm\u00e9e internationale, sa m\u00e9thode scientifique in\u00e9branlable. Dans la salle, projet\u00e9e au-dessus du recteur et du pape, on pouvait lire la devise officielle de l\u2019universit\u00e9 pour cette ann\u00e9e festive\u00a0: <em>Knowledge knows no end<\/em>. En anglais, comme il se doit.<\/p>\n<p>Non seulement l\u2019universit\u00e9 est un guide scientifique, elle se pr\u00e9sente aussi comme boussole morale. L\u2019h\u00f4te, le recteur, a clairement dit \u00e0 son invit\u00e9, le Pape, qu\u2019il \u00e9tait grand temps de proc\u00e9der \u00e0 l\u2019ordination sacerdotale de la femme et de changer ses points de vue sur les relations homosexuelles.<\/p>\n<h3>Pens\u00e9e unique<\/h3>\n<p>\u00c0 Louvain-la-Neuve, la r\u00e9action de la rectrice \u00e9tait comparable. Dans son fameux communiqu\u00e9 de presse, elle d\u00e9plore, au nom de l\u2019universit\u00e9, <em>les positions conservatrices du pape Fran\u00e7ois quant \u00e0 la place des femmes dans la soci\u00e9t\u00e9<\/em>. Ce message donne l\u2019impression qu\u2019au sein de l\u2019universit\u00e9, il y a une pens\u00e9e unique partag\u00e9e par tous les membres de la communaut\u00e9 acad\u00e9mique.<\/p>\n<p>C\u2019est justement cette pens\u00e9e unique qui a \u00e9t\u00e9 mise en question par le Pape. \u00c0 Leuven, il a plaid\u00e9 pour une universit\u00e9 qui d\u00e9passe le rationalisme pur et simple, surmontant la fatigue mentale qui semble caract\u00e9riser notre soci\u00e9t\u00e9. De toute fa\u00e7on, dans l\u2019\u00c9glise, il y a une place pour tout le monde, a-t-il pr\u00e9cis\u00e9 ailleurs.<\/p>\n<p>La visite du Pape aux universit\u00e9s m\u2019inspire trois id\u00e9es, que je laisse bien entendu \u00e0 votre appr\u00e9ciation.<\/p>\n<p>D\u2019abord les recteurs, h\u00f4tes du Pape, ont manqu\u00e9 d\u2019\u00e9l\u00e9gance. Personne n\u2019a l\u2019obligation de l\u2019inviter. Mais quand on invite le Pape pour donner davantage de prestige \u00e0 ses festivit\u00e9s, on doit avoir la d\u00e9licatesse de ne pas, dans un esprit de sup\u00e9riorit\u00e9, lui imposer comme unique v\u00e9rit\u00e9 les opinions politiques ou morales de l\u2019Occident s\u00e9cularis\u00e9.<\/p>\n<p>Ensuite, j\u2019avais l\u2019impression que le Pape, malgr\u00e9 ses propos fermes sur certains sujets, laissait beaucoup d\u2019espace \u00e0 d\u2019autres opinions et \u00e0 des critiques justifi\u00e9es. Sur diff\u00e9rents sujets, y compris les abus sexuels, le pape a fait t\u00e9moignage de beaucoup d\u2019humilit\u00e9. Ce n\u2019est pas le cas des universit\u00e9s qui n\u2019ont nullement mis en question leur propre id\u00e9ologie et le fonctionnement parfois froid et bureaucratique de l\u2019universit\u00e9 actuelle.<\/p>\n<p>Enfin, dans les rues de Leuven, dans la salle et les rues de Louvain-la-Neuve, il y avait beaucoup de jeunes qui ne cachaient pas leur sympathie pour le pape sans pour autant partager toutes ses id\u00e9es. Est-ce possible que c\u2019est surtout une ancienne g\u00e9n\u00e9ration, actuellement au pouvoir dans les universit\u00e9s et les m\u00e9dias qui, toujours pas lib\u00e9r\u00e9e de son pass\u00e9 catholique, demeure sceptique ou cynique vis-\u00e0-vis du Pape, tandis qu\u2019une nouvelle g\u00e9n\u00e9ration, sans complexes et frustrations, se montre beaucoup plus ouverte ?<\/p>\n<p><em>Rik Torfs est professeur de droit canonique, \u00e9crivain, recteur honoraire de la KU Leuven. Source\u00a0: <a href=\"https:\/\/www.lalibre.be\/debats\/opinions\/2024\/10\/01\/quand-on-invite-le-pape-on-doit-avoir-la-delicatesse-de-ne-pas-lui-lui-imposer-comme-unique-verite-les-opinions-de-loccident-secularise-W67V3HRJLNG7TCH7MRQBISWHGI\/\">https:\/\/www.lalibre.be\/debats\/opinions\/2024\/10\/01\/quand-on-invite-le-pape-on-doit-avoir-la-delicatesse-de-ne-pas-lui-lui-imposer-comme-unique-verite-les-opinions-de-loccident-secularise-W67V3HRJLNG7TCH7MRQBISWHGI\/<\/a><\/em><\/p>\n","protected":false},"excerpt":{"rendered":"<p>On aurait souhait\u00e9 un peu plus d&rsquo;\u00e9l\u00e9gance et d&rsquo;ouverture d&rsquo;esprit de la part des universit\u00e9s louvanistes.<\/p>\n","protected":false},"author":12,"featured_media":6063,"comment_status":"closed","ping_status":"closed","sticky":false,"template":"","format":"standard","meta":{"inline_featured_image":false,"footnotes":""},"categories":[70,67,56,66],"tags":[368,367],"class_list":["post-6062","post","type-post","status-publish","format-standard","has-post-thumbnail","hentry","category-eglise","category-foi","category-papers-fr","category-societe","tag-esprit-universitaire","tag-pape"],"acf":[],"_links":{"self":[{"href":"https:\/\/didoc.be\/fr\/wp-json\/wp\/v2\/posts\/6062","targetHints":{"allow":["GET"]}}],"collection":[{"href":"https:\/\/didoc.be\/fr\/wp-json\/wp\/v2\/posts"}],"about":[{"href":"https:\/\/didoc.be\/fr\/wp-json\/wp\/v2\/types\/post"}],"author":[{"embeddable":true,"href":"https:\/\/didoc.be\/fr\/wp-json\/wp\/v2\/users\/12"}],"replies":[{"embeddable":true,"href":"https:\/\/didoc.be\/fr\/wp-json\/wp\/v2\/comments?post=6062"}],"version-history":[{"count":0,"href":"https:\/\/didoc.be\/fr\/wp-json\/wp\/v2\/posts\/6062\/revisions"}],"wp:featuredmedia":[{"embeddable":true,"href":"https:\/\/didoc.be\/fr\/wp-json\/wp\/v2\/media\/6063"}],"wp:attachment":[{"href":"https:\/\/didoc.be\/fr\/wp-json\/wp\/v2\/media?parent=6062"}],"wp:term":[{"taxonomy":"category","embeddable":true,"href":"https:\/\/didoc.be\/fr\/wp-json\/wp\/v2\/categories?post=6062"},{"taxonomy":"post_tag","embeddable":true,"href":"https:\/\/didoc.be\/fr\/wp-json\/wp\/v2\/tags?post=6062"}],"curies":[{"name":"wp","href":"https:\/\/api.w.org\/{rel}","templated":true}]}}