{"id":4471,"date":"2024-01-23T17:57:47","date_gmt":"2024-01-23T16:57:47","guid":{"rendered":"https:\/\/didoc.be\/?p=4471"},"modified":"2024-02-26T18:04:20","modified_gmt":"2024-02-26T17:04:20","slug":"le-guide-evras-va-a-contresens-du-developpement-psychique-dun-enfant","status":"publish","type":"post","link":"https:\/\/didoc.be\/fr\/le-guide-evras-va-a-contresens-du-developpement-psychique-dun-enfant\/","title":{"rendered":"Le guide EVRAS va \u00e0 contresens du d\u00e9veloppement psychique d\u2019un enfant"},"content":{"rendered":"<p>La question se pose\u00a0: pourquoi les professionnels de la sant\u00e9 rencontrent-ils de plus en plus d\u2019enfants et de jeunes manquant des rep\u00e8res dont ils ont besoin pour se construire psychiquement\u00a0? Pourquoi rencontrent-ils de plus en plus de parents en d\u00e9sarroi de ne plus trouver d\u2019appui dans le discours social pour soutenir leur autorit\u00e9\u00a0?<\/p>\n<p>Il faudra interroger la nouvelle conviction actuellement promue\u00a0: \u00ab\u00a0l\u2019autod\u00e9termination de l\u2019enfant\u00a0\u00bb. L\u2019individualit\u00e9 de l\u2019enfant devrait trouver son \u00e9panouissement sans entrave, sans aucun appui sur une limite qui lui serait impos\u00e9e et pour ce faire, il s\u2019agirait seulement de l\u2019entourer d\u2019amour. Ceci est devenu l\u2019axe \u00e9ducatif qui devrait d\u00e9sormais s\u2019imposer \u00e0 tous, sans qu\u2019il y ait eu d\u00e9bat pour en valider les fondements\u00a0! Si l\u2019autonomie responsable est un programme tout \u00e0 fait l\u00e9gitime et bienvenu pour les citoyens en d\u00e9mocratie, il n\u2019est pourtant pas inscrit d\u2019embl\u00e9e dans la t\u00eate de l\u2019enfant. Aucun enfant ne peut se construire seul, ni trouver en lui-m\u00eame le sens de sa vie.<\/p>\n<h3>Une fausse conviction<\/h3>\n<p>Cette fausse conviction demande qu\u2019en place d\u2019un cadre clair et bien d\u00e9fini s\u2019impose un cadre flou laissant \u00e0 l\u2019enfant tout le loisir du choix et de la d\u00e9cision\u00a0; \u00ab\u00a0Penses-tu que c\u2019est l\u2019heure de ton repas\u00a0?\u00a0\u00bb, \u00ab\u00a0D\u2019accord d\u2019aller se coucher\u00a0?\u00a0\u00bb\u2026 Ce programme d\u2019\u00e9ducation demande des n\u00e9gociations sans fin comme par exemple dans cette famille o\u00f9 d\u00e8s leur r\u00e9veil les enfants rentrent en concurrence bruyante et parfois muscl\u00e9e pour avoir \u00ab\u00a0la\u00a0\u00bb bonne place \u00e0 table. \u00c0 peine lev\u00e9s, les enfants sont alors sous l\u2019emprise de la loi de la jungle.<\/p>\n<p>Au nom de l\u2019\u00e9panouissement, cette autod\u00e9termination sacralise les droits de l\u2019enfant au point de d\u00e9l\u00e9gitimer les parents. Les normes sont alors d\u00e9crites comme un frein \u00e0 la libert\u00e9 de l\u2019enfant. On le veut autonome alors qu\u2019il n\u2019a pas encore int\u00e9gr\u00e9 ce qu\u2019implique cette autonomie.<\/p>\n<p>S\u2019il fallait tirer le fil rouge de ce changement, nous avancerions que, certes, une volont\u00e9 d\u2019\u00e9galit\u00e9 d\u00e9mocratique accrue nous guide depuis un demi-si\u00e8cle, mais aussi qu\u2019une grande m\u00e9connaissance s\u2019est gliss\u00e9e dans ce programme\u00a0: en voulant nous lib\u00e9rer des limites oppressantes, nous avons rejet\u00e9 les limites structurantes. C\u2019est alors la boussole du ressenti qui a pu prendre la main\u2026<\/p>\n<h3>Des parents emport\u00e9s dans cette \u00ab\u00a0id\u00e9ologie\u00a0\u00bb<\/h3>\n<p>Nous entendons de plus en plus de parents emport\u00e9s dans ce qu\u2019il faut bien appeler cette \u00ab\u00a0id\u00e9ologie\u00a0\u00bb. Ainsi, certains veillent \u00e0 ne plus appeler leur enfant d\u2019un pr\u00e9nom sexu\u00e9, pour d\u2019autant mieux le laisser choisir au cas o\u00f9, plus tard, il voudrait changer de genre. Pourtant, \u00e0 regarder les choses d\u2019un peu plus pr\u00e8s, il est \u00e9tonnant que lesdits parents ne s\u2019aper\u00e7oivent pas, non seulement qu\u2019ils n\u2019ont fait que substituer une exigence (ne pas nommer l\u2019enfant comme sexu\u00e9) \u00e0 une autre (le nommer sexu\u00e9) mais qu\u2019en plus, cette nouvelle contrainte veut faire croire \u00e0 l\u2019enfant qu\u2019il va pouvoir choisir son genre ind\u00e9pendamment de son sexe anatomique \u2014 ce qui est un mensonge parce que le sujet devra toujours faire avec son anatomie de d\u00e9part m\u00eame s\u2019il change d\u2019identit\u00e9 de sexe ou de genre.<\/p>\n<h3>Le dogmatisme du guide EVRAS<\/h3>\n<p>Que penser alors du guide EVRAS qui explique avec une certitude parfois dogmatique que la th\u00e9orie du genre devrait primer sur les caract\u00e9ristiques sexuelles biologiques. Qui promeut explicitement de nous d\u00e9gager de toute \u00ab\u00a0h\u00e9t\u00e9ronormativit\u00e9\u00a0\u00bb et annonce l\u2019effacement du sexe biologique au profit du genre qui vise \u00e0 faire primer le ressenti. Ou lorsqu\u2019il soutient des fa\u00e7ons de dire comme \u00ab\u00a0la notion de genre assign\u00e9 \u00e0 la naissance\u00a0\u00bb. Ou qu\u2019il propose \u00ab\u00a0le droit \u00e0 l\u2019autod\u00e9termination ind\u00e9pendamment de l\u2019\u00e2ge de l\u2019enfant comme droit humain fondamental\u00a0\u00bb. Tout ceci allant \u00e0 contresens du d\u00e9veloppement psychique d\u2019un enfant.<\/p>\n<h3>Groupes de pression infiltr\u00e9s dans les cabinets minist\u00e9riels<\/h3>\n<p>D\u2019o\u00f9 vient que les responsables politiques se soient laiss\u00e9s ainsi quasi unanimement convaincre au point d\u2019adopter un d\u00e9cret (7 septembre 2023) qui permet d\u2019ent\u00e9riner un guide dans lequel on trouve un ensemble de consid\u00e9rations favorables \u00e0 l\u2019autod\u00e9termination par l\u2019enfant de son identit\u00e9 de genre\u00a0? Pour avoir sans coup f\u00e9rir la permission pour un enfant de changer de pr\u00e9nom d\u00e8s l\u2019\u00e2ge de 12 ans (loi du 25 mai 2017)\u00a0? Pour se faire tellement prier pour interdire avant la majorit\u00e9 l\u00e9gale les m\u00e9dicaments bloqueurs de pubert\u00e9, et ce malgr\u00e9 toutes les recommandations scientifiques\u00a0? Ce n\u2019est pas parce que d\u2019aucuns se sont organis\u00e9s en groupes de pression et infiltr\u00e9s dans les cabinets minist\u00e9riels que nous avons \u00e0 acquiescer \u00e0 cette volont\u00e9 de mainmise.<\/p>\n<h3>Mani\u00e8re de concevoir la sexualit\u00e9 plut\u00f4t que d\u2019\u00eatre d\u2019abord \u00e0 l\u2019\u00e9coute des jeunes<\/h3>\n<p>Cela fait depuis plusieurs ann\u00e9es que de nombreux cliniciens interviennent, efficacement et utilement, en faisant de l\u2019EVRAS dans les \u00e9coles pour permettre que les questions qui se posent aux jeunes soient entendues. Travail indispensable et fructueux. Mais aujourd\u2019hui c\u2019est un renversement qui est \u00e0 l\u2019\u0153uvre\u00a0: le dernier-n\u00e9 \u00ab\u00a0guide EVRAS\u00a0\u00bb soutient, d\u00e9crit en d\u00e9tail pour chaque tranche d\u2019\u00e2ge, les pr\u00e9-acquis et nouveaux acquis \u00e0 construire. L\u2019ensemble des 300 pages ressemble \u00e0 un enseignement demandant d\u2019appliquer une mani\u00e8re de concevoir la sexualit\u00e9 plut\u00f4t que d\u2019\u00eatre d\u2019abord \u00e0 l\u2019\u00e9coute des jeunes. C\u2019est une orientation que nous ne pouvons que refuser, celle de penser devoir apporter des r\u00e9ponses avant que de pouvoir poser ses questions\u00a0; celle de penser que l\u2019on doit ne plus imposer une h\u00e9t\u00e9ronormativit\u00e9 sans s\u2019apercevoir que c\u2019est une autre normativit\u00e9 qu\u2019alors on impose, celle qui exclut les termes \u00ab\u00a0hommes\u00a0\u00bb et \u00ab\u00a0femmes\u00a0\u00bb et contraint de parler de \u00ab\u00a0personnes ayant un ut\u00e9rus\u00a0\u00bb et de \u00ab\u00a0personnes ayant un p\u00e9nis\u00a0\u00bb.<\/p>\n<p>Si d\u2019aucuns ont des doutes \u00e0 ce sujet, qu\u2019ils interrogent simplement pourquoi le guide est \u00e9crit en \u00e9criture inclusive\u00a0? Pourquoi l\u2019enfant doit-il \u00eatre inform\u00e9 de la pertinence de son ressenti \u00e0 un \u00e2ge o\u00f9 il ne se pose pas ces questions\u00a0? Quel int\u00e9r\u00eat \u00e0 faire entendre \u00e0 l\u2019enfant qu\u2019il pourra choisir son genre ind\u00e9pendamment de son anatomie\u00a0? Qu\u2019un ado \u00e9prouvant un malaise par rapport \u00e0 son sexe biologique devrait d\u2019embl\u00e9e \u00eatre soutenu dans son d\u00e9sir de transgenrer\u00a0? Avons-nous vraiment la libert\u00e9 de tout choisir, et m\u00eame si nous l\u2019avions, ceci nous dispenserait-il d\u2019aider l\u2019enfant \u00e0 accepter de renoncer \u00e0 ce qu\u2019il n\u2019a pas choisi\u00a0?<\/p>\n<h3>Fausse route<\/h3>\n<p>\u00c0 croire pouvoir mener toujours plus loin et plus jeune l\u2019\u00e9mancipation de l\u2019individu, ne faisons-nous pas fausse route\u00a0? Cette autod\u00e9termination trop pr\u00e9coce fait perdre \u00e0 l\u2019enfant le sens de la transmission entre g\u00e9n\u00e9rations. Grandir demande de rencontrer des adultes qui n\u2019obligent pas l\u2019enfant \u00e0 prendre des responsabilit\u00e9s qui ne sont pas les siennes en lui demandant son \u00ab\u00a0D\u2019accord\u00a0!\u00a0\u00bb pour tous les faits et gestes de son quotidien.<\/p>\n<p>Quand allons-nous nous apercevoir qu\u2019inviter, voire inciter au libertarisme de l\u2019autod\u00e9termination des enfants a des cons\u00e9quences d\u00e9l\u00e9t\u00e8res sur la vie collective\u00a0? Cette derni\u00e8re a apparemment perdu sa pr\u00e9valence au profit de la particularit\u00e9 de chacun mais s\u2019ensuit que ce sont alors l\u2019autorit\u00e9, l\u2019alt\u00e9rit\u00e9 et l\u2019ant\u00e9riorit\u00e9 qui ne sont plus au programme. Ce dont d\u2019ailleurs tout le monde se plaint\u00a0!<\/p>\n<p>L\u2019enfant n\u2019est ni autonome, ni d\u2019embl\u00e9e responsable\u00a0; alors le mettre \u00e0 la m\u00eame place que l\u2019adulte est un non-sens. Son trajet est d\u2019avoir \u00e0 \u00ab\u00a0grandir\u00a0\u00bb, c\u2019est-\u00e0-dire de renoncer \u00e0 sa toute-puissance d\u2019enfant.<\/p>\n<p><em>Diane Drory est psychologue et psychanalyste, sp\u00e9cialiste de l\u2019enfance\u00a0; Jean-Yves Hayez est p\u00e9dopsychiatre\u00a0; Jean-Pierre Lebrun est psychiatre et psychanalyste. Source\u00a0: <a href=\"https:\/\/www.lalibre.be\/debats\/opinions\/2023\/11\/07\/le-guide-evras-va-a-contresens-du-developpement-psychique-dun-enfant-3NTEAJTKXJEXDLHPDITNRPJHJE\/\">https:\/\/www.lalibre.be\/debats\/opinions\/2023\/11\/07\/le-guide-evras-va-a-contresens-du-developpement-psychique-dun-enfant-3NTEAJTKXJEXDLHPDITNRPJHJE\/<\/a><\/em><\/p>\n","protected":false},"excerpt":{"rendered":"<p>En voulant nous lib\u00e9rer des limites oppressantes, nous avons rejet\u00e9 les limites structurantes. La boussole du ressenti ne peut pas prendre la main. L\u2019enfant n\u2019est ni autonome, ni d\u2019embl\u00e9e responsable. Le mettre \u00e0 la m\u00eame place que l\u2019adulte, comme le fait le guide EVRAS [Education \u00e0 la vie relationnelle, affective et sexuelle], est un non-sens.<\/p>\n","protected":false},"author":12,"featured_media":4479,"comment_status":"closed","ping_status":"closed","sticky":false,"template":"","format":"standard","meta":{"inline_featured_image":false,"footnotes":""},"categories":[68,22,56,66],"tags":[105,104,235],"class_list":["post-4471","post","type-post","status-publish","format-standard","has-post-thumbnail","hentry","category-mariage-et-famille","category-non-classifiee","category-papers-fr","category-societe","tag-education","tag-education-affective-et-sexuelle","tag-guide-evras"],"acf":[],"_links":{"self":[{"href":"https:\/\/didoc.be\/fr\/wp-json\/wp\/v2\/posts\/4471","targetHints":{"allow":["GET"]}}],"collection":[{"href":"https:\/\/didoc.be\/fr\/wp-json\/wp\/v2\/posts"}],"about":[{"href":"https:\/\/didoc.be\/fr\/wp-json\/wp\/v2\/types\/post"}],"author":[{"embeddable":true,"href":"https:\/\/didoc.be\/fr\/wp-json\/wp\/v2\/users\/12"}],"replies":[{"embeddable":true,"href":"https:\/\/didoc.be\/fr\/wp-json\/wp\/v2\/comments?post=4471"}],"version-history":[{"count":0,"href":"https:\/\/didoc.be\/fr\/wp-json\/wp\/v2\/posts\/4471\/revisions"}],"wp:featuredmedia":[{"embeddable":true,"href":"https:\/\/didoc.be\/fr\/wp-json\/wp\/v2\/media\/4479"}],"wp:attachment":[{"href":"https:\/\/didoc.be\/fr\/wp-json\/wp\/v2\/media?parent=4471"}],"wp:term":[{"taxonomy":"category","embeddable":true,"href":"https:\/\/didoc.be\/fr\/wp-json\/wp\/v2\/categories?post=4471"},{"taxonomy":"post_tag","embeddable":true,"href":"https:\/\/didoc.be\/fr\/wp-json\/wp\/v2\/tags?post=4471"}],"curies":[{"name":"wp","href":"https:\/\/api.w.org\/{rel}","templated":true}]}}