{"id":2341,"date":"2023-06-02T10:25:36","date_gmt":"2023-06-02T08:25:36","guid":{"rendered":"https:\/\/didoc.be\/faut-il-sinquieter-de-la-crise-dans-leglise\/"},"modified":"2024-02-04T18:12:53","modified_gmt":"2024-02-04T17:12:53","slug":"faut-il-sinquieter-de-la-crise-dans-leglise","status":"publish","type":"post","link":"https:\/\/didoc.be\/fr\/faut-il-sinquieter-de-la-crise-dans-leglise\/","title":{"rendered":"Faut-il s\u2019inqui\u00e9ter de la crise dans l\u2019\u00c9glise ?"},"content":{"rendered":"<p style=\"margin: 0cm 0cm 8pt;line-height: 107%;font-size: 11pt;font-family: Calibri, sans-serif;text-align: justify\"><span style=\"font-family: tahoma, arial, helvetica, sans-serif\">Si vous pensez que l\u2019Eglise traverse actuellement une crise si grave qu\u2019elle ne s\u2019en rel\u00e8vera pas, je suis d\u00e9sol\u00e9 de vous signaler qu\u2019il y en a eu de pires. Par exemple, \u00e0 l\u2019\u00e9poque de l\u2019arianisme, 80 % des \u00e9v\u00eaques \u00e9taient h\u00e9r\u00e9tiques. Si malgr\u00e9 tout vous pensez que la situation d\u2019aujourd\u2019hui est trop pr\u00e9occupante, ne vous alarmez pas, c\u2019est normal. Des saints aussi grands qu\u2019Athanase ou Augustin sont morts en voyant un horizon tr\u00e8s noir. Il est classique de croire que tout va tr\u00e8s mal.<\/span><\/p>\n<p style=\"margin: 0cm 0cm 8pt;line-height: 107%;font-size: 11pt;font-family: Calibri, sans-serif;text-align: justify\"><span style=\"font-family: tahoma, arial, helvetica, sans-serif\">En tout cas, on peut penser que la barque de Pierre \u2014 l\u2019\u00c9glise \u2014 risque de couler dans l\u2019avenir, m\u00eame si elle a surv\u00e9cu jusqu\u2019\u00e0 pr\u00e9sent. C\u2019est peut-\u00eatre pour cela que J\u00e9sus-Christ a d\u00e9cid\u00e9 de nous rassurer et a dit dans l\u2019\u00c9vangile : \u00ab Je te le dis, tu es Pierre, et sur cette pierre je b\u00e2tirai mon \u00c9glise, et les portes de l\u2019enfer ne pr\u00e9vaudront pas contre elle \u00bb (<em>Mt<\/em> 16, 18). Ces paroles constituent la meilleure assurance-vie de l\u2019histoire.<\/span><\/p>\n<p style=\"margin: 0cm 0cm 8pt;line-height: 107%;font-size: 11pt;font-family: Calibri, sans-serif;text-align: justify\"><span style=\"font-family: tahoma, arial, helvetica, sans-serif\">La papaut\u00e9 et la saine doctrine ont surv\u00e9cu \u00e0 de puissants ennemis, depuis les pers\u00e9cutions des empereurs romains jusqu\u2019\u00e0 Napol\u00e9on lui-m\u00eame. L\u2019anecdote est c\u00e9l\u00e8bre : un jour, l\u2019empereur fran\u00e7ais a dit au cardinal Consalvi : \u00ab Je vais d\u00e9truire votre \u00c9glise. \u00bb<\/span><\/p>\n<p style=\"margin: 0cm 0cm 8pt;line-height: 107%;font-size: 11pt;font-family: Calibri, sans-serif;text-align: justify\"><span style=\"font-family: tahoma, arial, helvetica, sans-serif\">Le cardinal r\u00e9pondit : \u00ab Non, vous ne le pourrez pas ! \u00bb<\/span><\/p>\n<p style=\"margin: 0cm 0cm 8pt;line-height: 107%;font-size: 11pt;font-family: Calibri, sans-serif;text-align: justify\"><span style=\"font-family: tahoma, arial, helvetica, sans-serif\">Alors, Napol\u00e9on r\u00e9p\u00e9ta furieux : \u00ab Je vais d\u00e9truire votre \u00c9glise ! \u00bb.<\/span><\/p>\n<p style=\"margin: 0cm 0cm 8pt;line-height: 107%;font-size: 11pt;font-family: Calibri, sans-serif;text-align: justify\"><span style=\"font-family: tahoma, arial, helvetica, sans-serif\">On pourrait graver dans la pierre la r\u00e9ponse du cardinal : \u00ab Non, vous ne le pourrez pas, car m\u00eame nous, nous n\u2019avons pas \u00e9t\u00e9 capables de le faire ! Si des milliers de ministres infid\u00e8les et de p\u00e9cheurs n\u2019ont pas r\u00e9ussi \u00e0 la d\u00e9truire de l\u2019int\u00e9rieur, comment pensez-vous pouvoir le faire de l\u2019ext\u00e9rieur ? \u00bb<\/span><\/p>\n<p style=\"margin: 0cm 0cm 8pt;line-height: 107%;font-size: 11pt;font-family: Calibri, sans-serif;text-align: justify\"><span style=\"font-family: tahoma, arial, helvetica, sans-serif\">On peut souffrir l\u2019indicible en raison des probl\u00e8mes de l\u2019\u00c9glise, mais on peut aussi s\u2019inspirer de ce que r\u00e9p\u00e8tent si souvent les psychologues et les psychiatres : \u00ab s\u2019il y a des choses que tu ne peux pas changer, tu peux par contre d\u00e9cider dans une large mesure de la mani\u00e8re dont elles t\u2019affectent \u00bb. L\u2019esprit humain peut \u00eatre quelque peu autodestructeur quand il se laisse obs\u00e9der par certaines questions, en particulier celles qui vous importent. La situation de l\u2019\u00c9glise peut \u00eatre l\u2019une de ces questions, et je pense donc qu\u2019il est bon de penser que J\u00e9sus-Christ a d\u00e9j\u00e0 accompli le salut du genre humain il y a vingt si\u00e8cles.<\/span><\/p>\n<p style=\"margin: 0cm 0cm 8pt;line-height: 107%;font-size: 11pt;font-family: Calibri, sans-serif;text-align: justify\"><span style=\"font-family: tahoma, arial, helvetica, sans-serif\">Il n\u2019est pas n\u00e9cessaire de sauver l\u2019\u00c9glise, il l\u2019a d\u00e9j\u00e0 fait.<\/span><\/p>\n<p style=\"margin: 0cm 0cm 8pt;line-height: 107%;font-size: 11pt;font-family: Calibri, sans-serif;text-align: justify\"><span style=\"font-family: tahoma, arial, helvetica, sans-serif\">Cela signifie que la partie est gagn\u00e9e (m\u00eame si vous devez la jouer et mouiller votre chemise sur cette terre). Ce qui n\u2019a pas de sens, en revanche, c\u2019est de perdre la paix alors que vous savez que vous allez gagner la partie \u00e0 coup s\u00fbr.<\/span><\/p>\n<p style=\"margin: 0cm 0cm 8pt;line-height: 107%;font-size: 11pt;font-family: Calibri, sans-serif;text-align: justify\"><span style=\"font-family: tahoma, arial, helvetica, sans-serif\">Vous pourrez perdre des batailles, mais pas la guerre.<\/span><\/p>\n<p style=\"margin: 0cm 0cm 8pt;line-height: 107%;font-size: 11pt;font-family: Calibri, sans-serif;text-align: justify\"><span style=\"font-family: tahoma, arial, helvetica, sans-serif\">La sc\u00e8ne \u00e9vang\u00e9lique de la temp\u00eate sur le lac de G\u00e9n\u00e9sareth se r\u00e9p\u00e8te sans cesse. Les disciples angoiss\u00e9s r\u00e9veillent J\u00e9sus-Christ, persuad\u00e9s qu\u2019ils vont p\u00e9rir. Le plus \u00e9tonnant est la r\u00e9ponse de J\u00e9sus apr\u00e8s avoir calm\u00e9 la temp\u00eate : \u00ab Pourquoi avez-vous peur ? N\u2019avez-vous pas la foi ? \u00bb (<em>Mc<\/em> 4, 40). Quelle r\u00e9ponse ! J\u2019aimerais bien avoir une photo montrant les visages perplexes des ap\u00f4tres. Il n\u2019est pas \u00e9tonnant qu\u2019ils n\u2019aient pas oubli\u00e9 cette r\u00e9ponse et qu\u2019ils l\u2019aient immortalis\u00e9e dans l\u2019\u00c9vangile.<\/span><\/p>\n<p style=\"margin: 0cm 0cm 8pt;line-height: 107%;font-size: 11pt;font-family: Calibri, sans-serif;text-align: justify\"><span style=\"font-family: tahoma, arial, helvetica, sans-serif\">Certains pourraient penser que si nous ne nous pr\u00e9occupons pas de la situation de l\u2019\u00c9glise, nous courons le risque de sombrer dans la passivit\u00e9, de sorte que, m\u00eame si l\u2019\u00c9glise ne succombe pas, les maux qui l\u2019affligent augmenteront et beaucoup d\u2019\u00e2mes seront perdues. Il ne s\u2019agit \u00e9videmment pas de cela. Il faut s\u2019occuper \u2014 pas se pr\u00e9occuper \u2014 de r\u00e9soudre les probl\u00e8mes de l\u2019\u00c9glise, avant tout par la pri\u00e8re et, dans la mesure du possible, par les \u0153uvres.<\/span><\/p>\n<p style=\"margin: 0cm 0cm 8pt;line-height: 107%;font-size: 11pt;font-family: Calibri, sans-serif;text-align: justify\"><span style=\"font-family: tahoma, arial, helvetica, sans-serif\">Je pense que le ton d\u00e9sesp\u00e9r\u00e9 de beaucoup d\u2019analyses de la situation de l\u2019\u00c9glise n\u2019apporte rien et qu\u2019il n\u2019est pas tr\u00e8s chr\u00e9tien. La joie devrait \u00eatre le patrimoine des croyants et nous en manquons souvent.<\/span><\/p>\n<p style=\"margin: 0cm 0cm 8pt;line-height: 107%;font-size: 11pt;font-family: Calibri, sans-serif;text-align: justify\"><span style=\"font-family: tahoma, arial, helvetica, sans-serif\">Il y a beaucoup de choses tr\u00e8s, tr\u00e8s positives dans l\u2019\u00c9glise : depuis le travail social qu\u2019elle accomplit jusqu\u2019au grand nombre de vocations qui surgissent dans certaines de ses institutions. De plus, il n\u2019y a jamais eu autant de la\u00efcs, aussi bien form\u00e9s, qui prient et re\u00e7oivent librement les sacrements avec autant d\u2019assiduit\u00e9. Et ils ne le font pas dans un contexte culturel chr\u00e9tien, mais dans un contexte d\u00e9favorable.<\/span><\/p>\n<p style=\"margin: 0cm 0cm 8pt;line-height: 107%;font-size: 11pt;font-family: Calibri, sans-serif;text-align: justify\"><span style=\"font-family: tahoma, arial, helvetica, sans-serif\">Evidemment, si ce que l\u2019on cherche, ce sont des signes \u00e9vidents d\u2019une future r\u00e9g\u00e9n\u00e9ration compl\u00e8te de l\u2019\u00c9glise, je suis d\u00e9sol\u00e9 de signaler que ce style commode et triomphaliste n\u2019est pas typique de Dieu, m\u00eame si les ap\u00f4tres eux-m\u00eames ont trop souvent cru qu\u2019ils verraient le triomphe humain du Christ.<\/span><\/p>\n<p style=\"margin: 0cm 0cm 8pt;line-height: 107%;font-size: 11pt;font-family: Calibri, sans-serif;text-align: justify\"><span style=\"font-family: tahoma, arial, helvetica, sans-serif\">Pensez \u00e0 la mani\u00e8re dont l\u2019Esprit Saint a g\u00e9r\u00e9 la crise postconciliaire. Si vous pensez que la limitation actuelle de la messe traditionnelle est tr\u00e8s inqui\u00e9tante, imaginez ce que cela a d\u00fb signifier pour les personnes pieuses de passer de l\u2019ancien rite \u00e0 celui que nous c\u00e9l\u00e9brons aujourd\u2019hui. Les changements de cette r\u00e9forme liturgique ont d\u00fb sembler \u00e0 beaucoup comme un saut dans un ab\u00eeme !<\/span><\/p>\n<p style=\"margin: 0cm 0cm 8pt;line-height: 107%;font-size: 11pt;font-family: Calibri, sans-serif;text-align: justify\"><span style=\"font-family: tahoma, arial, helvetica, sans-serif\">Cependant, le temps a prouv\u00e9 qu\u2019il est possible de vivre pleinement la messe, m\u00eame dans un autre rite. M\u00eame si de nombreuses nuances de la c\u00e9l\u00e9bration \u2014 qu\u2019il est bon de garder \u00e0 l\u2019esprit \u2014 se sont estomp\u00e9es, les chr\u00e9tiens ont continu\u00e9 \u00e0 se nourrir du fruit de l\u2019Eucharistie (j\u2019esp\u00e8re que vous comprenez ce que je veux dire : je pense que l\u2019ancien rite est formidable et je ne pr\u00e9tends pas porter un jugement sur les mesures qui le limitent aujourd\u2019hui).<\/span><\/p>\n<p style=\"margin: 0cm 0cm 8pt;line-height: 107%;font-size: 11pt;font-family: Calibri, sans-serif;text-align: justify\"><span style=\"font-family: tahoma, arial, helvetica, sans-serif\">De plus, les opinions th\u00e9ologiques erratiques, sur le plan moral et pastoral, amplifi\u00e9es par de nombreux m\u00e9dias, ont g\u00e9n\u00e9r\u00e9 \u00e0 juste titre un sentiment de d\u00e9faitisme chez de nombreux croyants.<\/span><\/p>\n<p style=\"margin: 0cm 0cm 8pt;line-height: 107%;font-size: 11pt;font-family: Calibri, sans-serif;text-align: justify\"><span style=\"font-family: tahoma, arial, helvetica, sans-serif\">Mais qu\u2019a fait l\u2019Esprit Saint pour faire avancer l\u2019\u00c9glise ? Il a appel\u00e9 au si\u00e8ge de Pierre un certain Karol Wojtyla, que personne ne connaissait et qui ne figurait dans aucun pronostic.<\/span><\/p>\n<p style=\"margin: 0cm 0cm 8pt;line-height: 107%;font-size: 11pt;font-family: Calibri, sans-serif;text-align: justify\"><span style=\"font-family: tahoma, arial, helvetica, sans-serif\">Et qu\u2019est-ce que Dieu va faire maintenant pour am\u00e9liorer la situation de l\u2019\u00c9glise ? Je n\u2019en sais rien, mais j\u2019imagine qu\u2019essayer de le savoir doit faire rire les anges et les saints du ciel.<\/span><\/p>\n<p style=\"margin: 0cm 0cm 8pt;line-height: 107%;font-size: 11pt;font-family: Calibri, sans-serif;text-align: justify\"><span style=\"font-family: tahoma, arial, helvetica, sans-serif\">Heureusement, nous n\u2019avons pour r\u00f4le de deviner l\u2019avenir. Il nous revient, \u00e0 vous et \u00e0 moi, de semer dans la joie, et non de chercher quelle partie de la r\u00e9colte portera le plus de fruits. Apr\u00e8s tout, si un humble tailleur a accompagn\u00e9 spirituellement Karol Wojtyla pour faire grandir sa vie int\u00e9rieure et l\u2019amener finalement au s\u00e9minaire, alors n\u2019importe quel chr\u00e9tien peut \u00eatre la cause dont Dieu se sert pour redresser l\u2019\u00c9glise.<\/span><\/p>\n<p style=\"margin: 0cm 0cm 8pt;line-height: 107%;font-size: 11pt;font-family: Calibri, sans-serif;text-align: justify\"><span style=\"font-family: tahoma, arial, helvetica, sans-serif\">Il ne sert \u00e0 rien de jouer aux devinettes. Les voies de Dieu sont imp\u00e9n\u00e9trables. J\u00e9sus-Christ le disait d\u00e9j\u00e0 \u00e0 Nicod\u00e8me qui lui demandait comment un homme pouvait na\u00eetre de nouveau alors qu\u2019il \u00e9tait vieux (une question assez logique, d\u2019ailleurs) : \u00ab Le vent souffle o\u00f9 il veut : on entend sa voix, mais on ne sait ni d\u2019o\u00f9 il vient, ni o\u00f9 il va. Il en est de m\u00eame pour quiconque est n\u00e9 de l\u2019Esprit. \u00bb (<em>Jn<\/em> 3, 8)<\/span><\/p>\n<p style=\"margin: 0cm 0cm 8pt;line-height: 107%;font-size: 11pt;font-family: Calibri, sans-serif;text-align: justify\"><span style=\"font-family: tahoma, arial, helvetica, sans-serif\">Eh bien, vous et moi sentons le vent des choses positives dans l\u2019\u00c9glise, mais nous ne savons pas exactement comment Dieu guide l\u2019histoire en r\u00e9orientant les actions humaines. Alors, veillez \u00e0 prier et \u00e0 aider l\u2019\u00c9glise (en commen\u00e7ant par vos parents et connaissances, par votre paroisse) mais ne vous \u00e9vertuez pas \u00e0 faire des \u00e9valuations sombres de la situation : elles ne sont s\u00fbrement pas aussi vraies que vous le pensez et ne servent pas \u00e0 r\u00e9soudre quoi que ce soit.<\/span><\/p>\n<p style=\"margin: 0cm 0cm 8pt;line-height: 107%;font-size: 11pt;font-family: Calibri, sans-serif\"><span class=\"pied\" style=\"font-family: tahoma, arial, helvetica, sans-serif\">Javier Garc\u00eda Herrer\u00eda a \u00e9t\u00e9 pendant 18 ans professeur de philosophie dans l\u2019enseignement secondaire et se d\u00e9die depuis peu au journalisme. Source : <a href=\"https:\/\/www.exaudi.org\/es\/por-que-no-deben-preocuparte-las-crisis-de-la-iglesia\/.\">https:\/\/www.exaudi.org\/es\/por-que-no-deben-preocuparte-las-crisis-de-la-iglesia\/.<\/a> Ce texte a \u00e9t\u00e9 traduit de l\u2019espagnol par St\u00e9phane Seminckx.<\/span><\/p>\n","protected":false},"excerpt":{"rendered":"<p class=\"intro\"><span style=\"font-family: tahoma, arial, helvetica, sans-serif\">C\u2019est \u00e0 vous et \u00e0 moi de semer dans la joie.<\/span><\/p>\n","protected":false},"author":1,"featured_media":4303,"comment_status":"open","ping_status":"open","sticky":false,"template":"","format":"standard","meta":{"inline_featured_image":false,"footnotes":""},"categories":[70],"tags":[106],"class_list":["post-2341","post","type-post","status-publish","format-standard","has-post-thumbnail","hentry","category-eglise","tag-crise-de-leglise"],"acf":[],"_links":{"self":[{"href":"https:\/\/didoc.be\/fr\/wp-json\/wp\/v2\/posts\/2341","targetHints":{"allow":["GET"]}}],"collection":[{"href":"https:\/\/didoc.be\/fr\/wp-json\/wp\/v2\/posts"}],"about":[{"href":"https:\/\/didoc.be\/fr\/wp-json\/wp\/v2\/types\/post"}],"author":[{"embeddable":true,"href":"https:\/\/didoc.be\/fr\/wp-json\/wp\/v2\/users\/1"}],"replies":[{"embeddable":true,"href":"https:\/\/didoc.be\/fr\/wp-json\/wp\/v2\/comments?post=2341"}],"version-history":[{"count":0,"href":"https:\/\/didoc.be\/fr\/wp-json\/wp\/v2\/posts\/2341\/revisions"}],"wp:featuredmedia":[{"embeddable":true,"href":"https:\/\/didoc.be\/fr\/wp-json\/wp\/v2\/media\/4303"}],"wp:attachment":[{"href":"https:\/\/didoc.be\/fr\/wp-json\/wp\/v2\/media?parent=2341"}],"wp:term":[{"taxonomy":"category","embeddable":true,"href":"https:\/\/didoc.be\/fr\/wp-json\/wp\/v2\/categories?post=2341"},{"taxonomy":"post_tag","embeddable":true,"href":"https:\/\/didoc.be\/fr\/wp-json\/wp\/v2\/tags?post=2341"}],"curies":[{"name":"wp","href":"https:\/\/api.w.org\/{rel}","templated":true}]}}