{"id":2304,"date":"2021-02-09T20:03:33","date_gmt":"2021-02-09T19:03:33","guid":{"rendered":"https:\/\/didoc.be\/dix-conseils-pour-la-pandemie\/"},"modified":"2024-02-01T21:27:52","modified_gmt":"2024-02-01T20:27:52","slug":"dix-conseils-pour-la-pandemie","status":"publish","type":"post","link":"https:\/\/didoc.be\/fr\/dix-conseils-pour-la-pandemie\/","title":{"rendered":"Dix conseils pour la pand\u00e9mie"},"content":{"rendered":"<p>&nbsp;<\/p>\n<p>&nbsp;<\/p>\n<p style=\"text-align: justify\">Quand saint Paul \u00e9crit aux Philippiens, il est en prison \u2014 confin\u00e9, dirions-nous aujourd\u2019hui. Il leur dit : <em>dans ma pri\u00e8re, je demande que votre amour vous fasse progresser de plus en plus dans la pleine connaissance et en toute clairvoyance pour discerner ce qui est important<\/em> (<em>Ph<\/em> 1, 9-10). Pour nous aussi, le confinement peut \u00eatre l\u2019occasion de prier <em>pour discerner ce qui est important<\/em>, car, quand Dieu permet le malheur, c\u2019est pour que nous puissions en tirer un bien plus grand.<\/p>\n<p style=\"text-align: justify\">Pour saint Paul, dans ce m\u00eame premier chapitre de l\u2019\u00e9p\u00eetre aux Philippiens, <em>ce qui est important<\/em> est \u00e9vident : <em>Pour moi, vivre c\u2019est le Christ, et mourir est un avantage<\/em> (<em>Ph<\/em> 1, 21). Qu\u2019est-ce que cela signifie pour nous, en 2021, en pleine pand\u00e9mie, \u00e0 la veille du car\u00eame ?<\/p>\n<h3 style=\"text-align: justify\">1. Vis la vraie vie<\/h3>\n<p style=\"text-align: justify\">La \u00ab vraie vie \u00bb (Beno\u00eet XVI) n\u2019est pas la vie du corps, la vie physiologique, brid\u00e9e par le port du masque, la distanciation sociale, l\u2019isolement, etc., mais la libert\u00e9 int\u00e9rieure propre \u00e0 la vie divine, \u00e0 la vie du Christ en nous. Les vrais tr\u00e9sors ne se trouvent pas au-dehors. Le vrai et l\u2019unique tr\u00e9sor de notre vie est au-dedans de nous : le Christ qui habite dans notre \u00e2me en \u00e9tat de gr\u00e2ce. Si nous nous rendions compte de ce que signifie la vie de la gr\u00e2ce ! <em>Le moindre degr\u00e9 de gr\u00e2ce vaut plus que toutes les richesses de l\u2019univers<\/em>, disait le cur\u00e9 d\u2019Ars.<\/p>\n<p style=\"text-align: justify\">Cela ne veut pas dire que nous devons vivre \u00ab sur un nuage \u00bb, \u00e9tranger aux dimensions contingentes de l\u2019existence et aux cons\u00e9quences douloureuses de la pand\u00e9mie. Cela veut dire que, pour r\u00e9sister \u00e0 la temp\u00eate ext\u00e9rieure, il faut ancrer notre c\u0153ur dans l\u2019essentiel.<\/p>\n<h3 style=\"text-align: justify\">2. Ne crains pas la mort<\/h3>\n<p style=\"text-align: justify\">Si la \u00ab vraie vie \u00bb est la vie de Dieu en nous, alors on peut comprendre que, pour saint Paul, <em>mourir est un avantage<\/em>, car la mort ouvre \u00e0 la pl\u00e9nitude de la vie en Dieu.<\/p>\n<p style=\"text-align: justify\">Cependant, l\u2019Ap\u00f4tre ajoute : <em>mais, \u00e0 cause de vous, demeurer en ce monde est encore plus n\u00e9cessaire<\/em> (<em>Ph<\/em> 1, 24). Il ne faut donc pas d\u00e9sirer la mort, ni s\u2019y exposer de fa\u00e7on t\u00e9m\u00e9raire, car \u00ab la vie et la sant\u00e9 physique sont des biens pr\u00e9cieux confi\u00e9s par Dieu. Nous avons \u00e0 en prendre soin raisonnablement en tenant compte des n\u00e9cessit\u00e9s d\u2019autrui et du bien commun \u00bb (<em>Cat\u00e9chisme de l\u2019Eglise Catholique<\/em>, n. 2288). Il ne faut pas vivre non plus dans l\u2019angoisse continuelle de la mort, car celle-ci fait partie de la vie et nous savons que Dieu \u2014 qui est un P\u00e8re aimant \u2014 nous appellera \u00e0 Lui au meilleur moment et de la meilleure mani\u00e8re.<\/p>\n<p style=\"text-align: justify\">\u00ab Prendre soin raisonnablement \u00bb de notre sant\u00e9 signifie \u2014 aujourd\u2019hui et maintenant \u2014 de respecter avec bon sens les r\u00e8gles sanitaires \u00e9tablies par l\u2019autorit\u00e9 civile, d\u2019autant plus que nous sommes tous solidaires : qui ne se prot\u00e8ge pas met les autres en danger.<\/p>\n<h3 style=\"text-align: justify\">3. Rends gr\u00e2ces \u00e0 Dieu<\/h3>\n<p style=\"text-align: justify\">Saint Paul commence sa lettre aux Philippiens par ces mots : <em>Je rends gr\u00e2ce \u00e0 mon Dieu chaque fois que je fais m\u00e9moire de vous<\/em> (<em>Ph<\/em> 1, 3). Et, depuis la prison, il \u00e9voque les merveilles que le Seigneur r\u00e9alise dans l\u2019\u00e2me de ses disciples.<\/p>\n<p style=\"text-align: justify\">Il est certain que nous vivons des temps difficiles. Mais, comme disait constamment le Seigneur \u00e0 J\u00e9r\u00e9mie, au 6\u00e8me si\u00e8cle avant le Christ, face \u00e0 la ruine du temple de J\u00e9rusalem et \u00e0 la d\u00e9portation \u00e0 Babylone, <em>Je serai avec toi<\/em>. Aujourd\u2019hui aussi, le Seigneur est avec nous constamment, dans notre \u00e2me, dans l\u2019Eucharistie, dans les autres sacrements, dans sa Parole, dans le dialogue intime de la pri\u00e8re, dans les personnes qui nous entourent, \u2014 sp\u00e9cialement celles qui souffrent \u2014, dans les \u00e9v\u00e9nements de notre vie \u2014 qui sont autant d\u2019invitations que J\u00e9sus nous adresse \u00e0 rendre gr\u00e2ces ou \u00e0 nous accrocher \u00e0 Lui \u2014, dans la beaut\u00e9 de la nature, etc. J\u00e9sus r\u00e9v\u00e8le aussi toute la pl\u00e9nitude de son Amour sur la Croix, qu\u2019il veut partager avec nous. Rendons gr\u00e2ces \u00e0 Dieu pour sa pr\u00e9sence parmi nous et en nous.<\/p>\n<p style=\"text-align: justify\">Ces temps difficiles font partie du plan divin, comme l\u2019a \u00e9t\u00e9 le d\u00e9sastre v\u00e9cu par le peuple d\u2019Isra\u00ebl au temps de J\u00e9r\u00e9mie, d\u00e9sastre qui a induit un tournant d\u00e9cisif dans l\u2019histoire du Peuple de Dieu, une purification int\u00e9rieure, une profonde conversion.<\/p>\n<p style=\"text-align: justify\">Cela ne sert \u00e0 rien de passer notre vie \u00e0 nous lamenter. C\u2019est aussi une erreur de perspective : <em>Nous le savons, quand les hommes aiment Dieu, lui-m\u00eame fait tout contribuer \u00e0 leur bien, puisqu\u2019ils sont appel\u00e9s selon le dessein de son amour<\/em> (<em>Rm<\/em> 8, 28).<\/p>\n<h3 style=\"text-align: justify\">4. Aime l&rsquo;Eucharistie<\/h3>\n<p style=\"text-align: justify\">L\u2019Eucharistie est au c\u0153ur de notre vie, car elle est le sacrifice r\u00e9dempteur du Christ actualis\u00e9, re-pr\u00e9sent\u00e9 (pr\u00e9sent\u00e9 \u00e0 nouveau), et elle nous offre en nourriture le Corps, le Sang, l\u2019Ame et la Divinit\u00e9 de J\u00e9sus.<\/p>\n<p style=\"text-align: justify\">Certains craignent que les limitations impos\u00e9es \u00e0 la c\u00e9l\u00e9bration de l\u2019Eucharistie provoquent au long cours une d\u00e9saffection des fid\u00e8les. La r\u00e9action inverse serait plus logique : l\u2019absence de nourriture n\u2019aiguise-t-elle pas la faim ? Le manque d\u2019une r\u00e9alit\u00e9 essentielle dans notre vie ne fait-il pas \u00e9prouver sa valeur irrempla\u00e7able ?<\/p>\n<p style=\"text-align: justify\">Plus que jamais, allons \u00e0 la messe, aussi en semaine. Et s\u2019il n\u2019y en a pas \u2014 ou pas assez, \u00e0 cause des restrictions \u2014, encourageons nos pr\u00eatres \u00e0 multiplier les c\u00e9l\u00e9brations. Ils ont \u00e9t\u00e9 ordonn\u00e9s en premi\u00e8re instance pour cela, pour permettre au Christ de continuer \u00e0 s\u2019offrir \u00e0 toutes les \u00e2mes pour le salut du monde.<\/p>\n<p style=\"text-align: justify\">C\u2019est une question de foi et d\u2019amour. Si \u00e0 chaque messe, on recevait 1.000 euros \u00e0 l\u2019issue de la c\u00e9l\u00e9bration, nos \u00e9glises seraient pleines. Pour le \u00ab fric \u00bb, nous sommes dispos\u00e9s \u00e0 tout, mais pas pour recevoir le Corps et le Sang du Dieu qui s\u2019est livr\u00e9 pour nous. A l\u2019heure o\u00f9 la plan\u00e8te enti\u00e8re court apr\u00e8s le vaccin qui enl\u00e8ve le virus du monde \u2014 ce qui est compr\u00e9hensible et l\u00e9gitime \u2014, on ignore <em>l\u2019Agneau de Dieu qui enl\u00e8ve le p\u00e9ch\u00e9 du monde<\/em>, un virus mortel pour l\u2019\u00e2me.<\/p>\n<p style=\"text-align: justify\">Mais, nous dit-on, les messes avec jauge vont cr\u00e9er des m\u00e9contents. On peut regretter cette limitation qui semble arbitraire au vu de ce qui est permis dans d\u2019autres contextes. On doit sans doute agir pour qu\u2019elle soit lev\u00e9e. Mais si \u2014 ici et maintenant \u2014, mon voisin a une place \u00e0 la messe et moi pas, au lieu de pester, je ferai en sorte que sa joie soit la mienne et que ma d\u00e9convenue devienne mon apport au sacrifice r\u00e9dempteur du Christ. Qui pr\u00e9tend faire de l\u2019Eucharistie une source de divisions, n\u2019a pas compris l\u2019Eucharistie, le sacrement de l\u2019unit\u00e9.<\/p>\n<h3 style=\"text-align: justify\">5. Ne critique pas<\/h3>\n<p style=\"text-align: justify\">Ce serait aussi contradictoire que l\u2019Eucharistie suscite une autre forme de division : la critique, en priv\u00e9 ou en public, dans les m\u00e9dias et les r\u00e9seaux sociaux, contre les pr\u00eatres ou les \u00e9v\u00eaques dont on n\u2019appr\u00e9cie pas les choix pastoraux dans le contexte de la pand\u00e9mie. <em>\u00c0 ceci, tous reconna\u00eetront que vous \u00eates mes disciples : si vous avez de l\u2019amour les uns pour les autres<\/em> (<em>Jn<\/em> 13, 35). Qui critique au nom du Christ se r\u00e9v\u00e8le pi\u00e8tre disciple du Christ.<\/p>\n<p style=\"text-align: justify\">Nos pr\u00eatres et nos \u00e9v\u00eaques ont besoin de notre pri\u00e8re, de notre affection, de notre profonde unit\u00e9 avec eux. Si nous jugeons que nous pouvons leur apporter un \u00e9clairage, leur fournir des donn\u00e9es nouvelles, leur procurer une aide, leur donner un conseil ou prodiguer un encouragement, parlons-leur ou \u00e9crivons-leur avec le plus grand respect et la plus grande charit\u00e9. Mais abstenons-nous de critiquer.<\/p>\n<h3 style=\"text-align: justify\">6. Fais r\u00e9paration<\/h3>\n<p style=\"text-align: justify\">Si la pand\u00e9mie \u2014 la Croix \u2014, au lieu de rapprocher de Dieu, en \u00e9loigne certains, si J\u00e9sus est laiss\u00e9 seul dans les tabernacles, si la table eucharistique est d\u00e9sert\u00e9e, faisons r\u00e9paration pour nos manques d\u2019amour et ceux de tous les hommes.<\/p>\n<p style=\"text-align: justify\">Ne l\u2019oublions pas : le premier qui est bless\u00e9 par l\u2019indiff\u00e9rence \u00e0 l\u2019\u00e9gard de Dieu, c\u2019est Dieu Lui-m\u00eame. C\u2019est d&rsquo;abord son C\u0153ur qui souffre, \u00e0 la mesure de son Amour infini.<\/p>\n<p style=\"text-align: justify\">Plut\u00f4t que de nous centrer sur nous-m\u00eames en pleurnichant sur le d\u00e9clin de la pratique religieuse, t\u00e2chons d\u2019avoir une r\u00e9action d\u2019amour, pour adorer Dieu, pour le consoler, pour lui montrer plus d\u2019affection et de tendresse, plus de d\u00e9licatesse dans la pi\u00e9t\u00e9, pour nous tenir avec lui au pied de la Croix. Tentons de lui faire oublier tous les manques d\u2019amour qu\u2019il y a sur terre. Accompagnons-le plus souvent dans les tabernacles des \u00e9glises.<\/p>\n<p style=\"text-align: justify\">Faisons r\u00e9paration aussi pour la \u00ab culture de mort \u00bb (saint Jean-Paul II), qui ne cesse de s\u2019\u00e9tendre, m\u00eame en ces temps de pand\u00e9mie. A l\u2019heure o\u00f9 le coronavirus tue des centaines de milliers de personnes \u00e0 travers le monde, il est tr\u00e8s douloureux et paradoxal \u2014 d\u2019abord pour J\u00e9sus \u2014 de voir comment certains pays s\u2019acharnent \u00e0 l\u00e9galiser l\u2019euthanasie et l\u2019avortement, ou \u00e0 en \u00e9largir le champ d\u2019application.<\/p>\n<h3 style=\"text-align: justify\">7. Confesse-toi<\/h3>\n<p style=\"text-align: justify\">On peut se confesser pendant la pand\u00e9mie. Ce n\u2019est pas interdit. Or on a l\u2019impression que les chr\u00e9tiens se confessent peu. Comme si nous n\u2019avions pas besoin du pardon de Dieu.<\/p>\n<p style=\"text-align: justify\">Le meilleur confinement, c\u2019est le retour \u00e0 la maison du P\u00e8re, sp\u00e9cialement \u00e0 l\u2019occasion du car\u00eame : <em>Je me l\u00e8verai, j\u2019irai vers mon p\u00e8re, et je lui dirai : P\u00e8re, j\u2019ai p\u00e9ch\u00e9 contre le ciel et envers toi<\/em> (<em>Lc<\/em> 15, 18).<\/p>\n<h3 style=\"text-align: justify\">8. Vis la communion des saints<\/h3>\n<p style=\"text-align: justify\"><em>\u00c0 tout moment, chaque fois que je prie pour vous tous, c\u2019est avec joie que je le fais, \u00e0 cause de votre communion avec moi, d\u00e8s le premier jour jusqu\u2019\u00e0 maintenant, pour l\u2019annonce de l\u2019\u00c9vangile<\/em> (<em>Ph<\/em> 1, 4-5) : encore des mots du Paul enferm\u00e9 dans sa prison, heureux d\u2019\u00eatre profond\u00e9ment uni \u00e0 ses fr\u00e8res et s\u0153urs dans la foi.<\/p>\n<p style=\"text-align: justify\">La communion des saints est un puissant antidote \u00e0 la distanciation sociale. Dans la pri\u00e8re et dans l\u2019Eucharistie, nous retrouvons tous ceux qui, dans le Christ, forment un seul corps, son Corps mystique, qui est l\u2019Eglise. Soyons tout sp\u00e9cialement unis \u00e0 ceux qui souffrent dans le monde, que ce soit de la pand\u00e9mie ou de tant d\u2019autres maux qui affectent l\u2019humanit\u00e9.<\/p>\n<h3 style=\"text-align: justify\">9. Parle avec Dieu<\/h3>\n<p style=\"text-align: justify\"><em>Mais toi, quand tu pries, retire-toi dans ta pi\u00e8ce la plus retir\u00e9e, ferme la porte, et prie ton P\u00e8re qui est pr\u00e9sent dans le secret ; ton P\u00e8re qui voit dans le secret te le rendra<\/em> (<em>Mt<\/em> 6, 6). Notre isolement forc\u00e9 cr\u00e9e les conditions id\u00e9ales pour la pri\u00e8re. Profitons de ces circonstances pour red\u00e9couvrir la valeur du silence, du recueillement, du c\u0153ur \u00e0 c\u0153ur avec Dieu.<\/p>\n<h3 style=\"text-align: justify\">10. Mets beaucoup d\u2019amour en tout<\/h3>\n<p style=\"text-align: justify\"><em>Le secret pour donner du relief aux choses les plus humbles, voire les plus humiliantes, c\u2019est d\u2019aimer<\/em> (saint Jos\u00e9maria). Le secret pour \u00eatre libre, c\u2019est d\u2019aimer. Le secret pour colorer la grisaille, c\u2019est d\u2019aimer. Le secret pour vaincre la routine du temps, c\u2019est d\u2019ouvrir une fen\u00eatre \u00e0 l\u2019\u00e9ternit\u00e9, en mettant beaucoup d\u2019amour de Dieu et des autres dans tout ce que nous faisons, sp\u00e9cialement dans ce qui nous co\u00fbte. Ainsi <em>(\u2026) rien ne pourra nous s\u00e9parer de l\u2019amour de Dieu qui est dans le Christ J\u00e9sus notre Seigneur<\/em> (<em>Rm<\/em> 8, 39).<\/p>\n<p class=\"pied\"><em>St\u00e9phane Seminckx est pr\u00eatre, Docteur en M\u00e9decine et en Th\u00e9ologie. Cet article a fait l&rsquo;objet d&rsquo;une petite correction le 13-2-21.<\/em><\/p>\n","protected":false},"excerpt":{"rendered":"<p>&nbsp;<\/p>\n<p class=\"intro\">Quelques r\u00e9flexions \u00e0 la veille du car\u00eame, inspir\u00e9es par les circonstances du moment.<\/p>\n","protected":false},"author":1,"featured_media":4735,"comment_status":"open","ping_status":"open","sticky":false,"template":"","format":"standard","meta":{"inline_featured_image":false,"footnotes":""},"categories":[65],"tags":[],"class_list":["post-2304","post","type-post","status-publish","format-standard","has-post-thumbnail","hentry","category-spiritualite"],"acf":[],"_links":{"self":[{"href":"https:\/\/didoc.be\/fr\/wp-json\/wp\/v2\/posts\/2304","targetHints":{"allow":["GET"]}}],"collection":[{"href":"https:\/\/didoc.be\/fr\/wp-json\/wp\/v2\/posts"}],"about":[{"href":"https:\/\/didoc.be\/fr\/wp-json\/wp\/v2\/types\/post"}],"author":[{"embeddable":true,"href":"https:\/\/didoc.be\/fr\/wp-json\/wp\/v2\/users\/1"}],"replies":[{"embeddable":true,"href":"https:\/\/didoc.be\/fr\/wp-json\/wp\/v2\/comments?post=2304"}],"version-history":[{"count":0,"href":"https:\/\/didoc.be\/fr\/wp-json\/wp\/v2\/posts\/2304\/revisions"}],"wp:featuredmedia":[{"embeddable":true,"href":"https:\/\/didoc.be\/fr\/wp-json\/wp\/v2\/media\/4735"}],"wp:attachment":[{"href":"https:\/\/didoc.be\/fr\/wp-json\/wp\/v2\/media?parent=2304"}],"wp:term":[{"taxonomy":"category","embeddable":true,"href":"https:\/\/didoc.be\/fr\/wp-json\/wp\/v2\/categories?post=2304"},{"taxonomy":"post_tag","embeddable":true,"href":"https:\/\/didoc.be\/fr\/wp-json\/wp\/v2\/tags?post=2304"}],"curies":[{"name":"wp","href":"https:\/\/api.w.org\/{rel}","templated":true}]}}