{"id":2303,"date":"2020-11-26T10:21:19","date_gmt":"2020-11-26T09:21:19","guid":{"rendered":"https:\/\/didoc.be\/donner-sa-pleine-mesure-face-a-ladversite\/"},"modified":"2024-02-03T10:36:56","modified_gmt":"2024-02-03T09:36:56","slug":"donner-sa-pleine-mesure-face-a-ladversite","status":"publish","type":"post","link":"https:\/\/didoc.be\/fr\/donner-sa-pleine-mesure-face-a-ladversite\/","title":{"rendered":"Donner sa pleine mesure face \u00e0 l\u2019adversit\u00e9"},"content":{"rendered":"<p>&nbsp;<\/p>\n<p style=\"text-align: justify\"><em>Les joies et les espoirs, les tristesses et les angoisses des hommes de ce temps, des pauvres surtout, et de tous ceux qui souffrent, sont aussi les joies et les espoirs, les tristesses et les angoisses des disciples du Christ, et il n\u2019est rien de vraiment humain qui ne trouve \u00e9cho dans leur c\u0153ur<\/em>. Ces mots percutants et profond\u00e9ment vrais ouvrent la constitution apostolique <em>Gaudium et Spes<\/em> du Concile Vatican II.<\/p>\n<p style=\"text-align: justify\">Comme si l\u2019Eglise, Corps mystique du Christ, exprimait encore une fois le sentiment qui s\u2019empare du c\u0153ur du Seigneur en regardant l\u2019humanit\u00e9 : <em>Voyant les foules, J\u00e9sus fut saisi de compassion envers elles parce qu\u2019elles \u00e9taient d\u00e9sempar\u00e9es et abattues comme des brebis sans berger<\/em> (<em>Mt<\/em> 9, 36).<\/p>\n<p style=\"text-align: justify\">L\u2019amour du Christ pour l\u2019humanit\u00e9 et pour chaque personne humaine en particulier nous manifeste l\u2019\u00e9tendue et la profondeur de l\u2019amour de Dieu. En devenant homme par son incarnation et en nous sauvant par sa mort sur la Croix, J\u00e9sus, le Fils de Dieu, nous a manifest\u00e9 jusqu\u2019\u00e0 quel point il nous aime, jusqu\u2019o\u00f9 il est pr\u00eat \u00e0 aller pour chacun de nous, pour nous lib\u00e9rer du mal et nous faire participer \u00e0 la vie divine. Par sa r\u00e9surrection d\u2019entre les morts, il scelle \u00e0 tout jamais sa victoire sur le mal, nous faisant devenir enfants de Dieu et nous ouvrant le chemin de l\u2019esp\u00e9rance.<\/p>\n<p style=\"text-align: justify\">L\u2019enseignement du Christ, gard\u00e9 et transmis fid\u00e8lement par l\u2019Eglise, nous rappelle que la source de tous les maux se trouve dans le d\u00e9tournement volontaire de Dieu, ce que nous appelons p\u00e9ch\u00e9. Le Christ nous apprend \u00e9galement la mani\u00e8re de retourner cette situation : faire triompher le bien sur le mal, noyer le mal dans l\u2019abondance de bien. Avec des paroles de saint Paul, <em>l\u00e0 o\u00f9 le p\u00e9ch\u00e9 s\u2019est multipli\u00e9, la gr\u00e2ce a surabond\u00e9<\/em> (<em>Rm<\/em> 5, 20).<\/p>\n<p style=\"text-align: justify\">Au milieu des vagues et courants qui secouent le monde, notamment dans le contexte de la pand\u00e9mie actuelle de la Covid-19, se m\u00ealent chez beaucoup de personnes des sentiments d\u2019incertitude, de d\u00e9sespoir, de frustration, sentiments auxquels nous, chr\u00e9tiens, ne sommes pas indiff\u00e9rents. Nombreux sont ceux qui se demandent o\u00f9 se trouve Dieu et pourquoi Il permet ces malheurs.<\/p>\n<p style=\"text-align: justify\">On est tent\u00e9 de r\u00e9pondre qu\u2019Il se trouve l\u00e0, en plein milieu de la pand\u00e9mie, partageant la souffrance, l\u2019isolement, le d\u00e9sespoir de tant de personnes, comme Il l\u2019a fait sur la Croix. Et si l\u2019on constate que Dieu n\u2019a jamais voulu \u00e9liminer du monde le mal et la souffrance, on voit aussi qu\u2019Il ne s\u2019est jamais d\u00e9rob\u00e9, qu\u2019Il n\u2019est jamais rest\u00e9 indiff\u00e9rent vis-\u00e0-vis de l\u2019homme, qu\u2019Il s\u2019est toujours \u00ab retrouss\u00e9 les manches \u00bb.<\/p>\n<p style=\"text-align: justify\">Voil\u00e0 la raison pour laquelle, au milieu de ces difficult\u00e9s resplendit pour le chr\u00e9tien une v\u00e9rit\u00e9, un point d\u2019ancrage : nous poss\u00e9dons la lumi\u00e8re et la force \u2014 la gr\u00e2ce \u2014 de Dieu pour suivre l\u2019exemple du Christ, en \u00e9tant un appui pour beaucoup de personnes. Nous le savons bien, aucun d\u2019entre nous n\u2019a m\u00e9rit\u00e9 ces dons de Dieu, et pour cela m\u00eame chacun d\u2019entre nous se sent appel\u00e9 \u00e0 diffuser le bien autour de soi, en se d\u00e9passant, en se donnant : <em>Gu\u00e9rissez les malades, ressuscitez les morts, purifiez les l\u00e9preux, expulsez les d\u00e9mons. Vous avez re\u00e7u gratuitement : donnez gratuitement<\/em> (<em>Mt<\/em> 10, 8).<\/p>\n<p style=\"text-align: justify\">Le pape Fran\u00e7ois nous invite \u00e0 imiter les saints, pas seulement ceux qui sont canonis\u00e9s par l\u2019Eglise, mais \u00e9galement ceux qu\u2019il appelle les saints \u00ab de la porte \u00e0 c\u00f4t\u00e9 \u00bb, qui se sont efforc\u00e9s d\u2019incarner l\u2019Evangile dans leur vie quotidienne, par des gestes qui passent inaper\u00e7us aux yeux d\u2019un grand nombre. Ces saints qui sont, pour ainsi dire, davantage \u00ab \u00e0 notre port\u00e9e \u00bb. <em>Imiter leurs gestes d\u2019amour et de mis\u00e9ricorde est un peu comme perp\u00e9tuer leur pr\u00e9sence dans ce monde. Et en effet, ces gestes \u00e9vang\u00e9liques sont les seuls qui r\u00e9sistent \u00e0 la destruction de la mort : un acte de tendresse, une aide g\u00e9n\u00e9reuse, un temps pass\u00e9 \u00e0 \u00e9couter, une visite, une parole gentille, un sourire&#8230; \u00c0 nos yeux, ces gestes peuvent sembler insignifiants, mais aux yeux de Dieu, ils sont \u00e9ternels, car l\u2019amour et la compassion sont plus fort que la mort<\/em> (pape Fran\u00e7ois, Ang\u00e9lus, 1er novembre 2015 ; cf. exhortation apostolique <em>Gaudete et Exsultate<\/em>, 6-9).<\/p>\n<p style=\"text-align: justify\">Pour pouvoir incarner l\u2019Evangile, diffuser le bien, imiter le Christ, \u00eatre un appui pour les autres dans le temps pr\u00e9sent, Dieu compte sur les sp\u00e9cificit\u00e9s de chacun de nous (nos talents, notre personnalit\u00e9, nos mani\u00e8res de voir et de faire, et aussi nos limitations), et il est pr\u00eat \u00e0 y \u00ab injecter \u00bb sa gr\u00e2ce pour parfaire nos actions et leur donner une dimension surnaturelle. C\u2019est la raison pour laquelle nous devons maintenir toujours la disposition \u00e0 \u00eatre r\u00e9ceptifs \u00e0 la gr\u00e2ce de Dieu, par la fr\u00e9quentation des sacrements \u2014 dans la mesure o\u00f9 les restrictions sanitaires le permettent \u2014, la pri\u00e8re, le service, la constance et la sportivit\u00e9 dans la lutte pour s\u2019am\u00e9liorer chaque jour.<\/p>\n<p style=\"text-align: justify\">La p\u00e9riode que nous traversons, avec son lot de difficult\u00e9s, est une occasion pour chaque chr\u00e9tien de donner sa pleine mesure, de laisser transpara\u00eetre en lui la personne du Christ, de rendre raison, par sa conduite quotidienne empreinte de pi\u00e9t\u00e9, d\u2019amiti\u00e9 et de d\u00e9vouement, de l\u2019esp\u00e9rance qui est en lui (cf. <em>1 P<\/em> 3, 15).<\/p>\n<p style=\"text-align: justify\">Ce n\u2019est pas si difficile. Souvent, il suffit de commencer. Par des actes concrets envers ceux qui nous sont les plus proches : les membres de notre famille, nos amis. Il suffit de commencer, et de fil en aiguille, s\u2019encha\u00eenent les manifestations de charit\u00e9, d\u2019entraide, de service, d\u2019encouragement. Avec l\u2019aide de Dieu, pour faire l\u2019impossible, il suffit de commencer par ce qui est possible.<\/p>\n<p class=\"pied\">Sergio Sahli est juriste et g\u00e9rant dans le secteur non-profit.<\/p>\n","protected":false},"excerpt":{"rendered":"<p>&nbsp;<\/p>\n<p class=\"intro\">L\u2019auteur invite les chr\u00e9tiens \u00e0 avoir la m\u00eame sensibilit\u00e9 que le Christ face aux souffrances, et \u00e0 puiser dans la gr\u00e2ce de Dieu la force n\u00e9cessaire pour donner de l\u2019esp\u00e9rance au monde d\u2019aujourd\u2019hui.<\/p>\n","protected":false},"author":1,"featured_media":4755,"comment_status":"open","ping_status":"open","sticky":false,"template":"","format":"standard","meta":{"inline_featured_image":false,"footnotes":""},"categories":[67],"tags":[],"class_list":["post-2303","post","type-post","status-publish","format-standard","has-post-thumbnail","hentry","category-foi"],"acf":[],"_links":{"self":[{"href":"https:\/\/didoc.be\/fr\/wp-json\/wp\/v2\/posts\/2303","targetHints":{"allow":["GET"]}}],"collection":[{"href":"https:\/\/didoc.be\/fr\/wp-json\/wp\/v2\/posts"}],"about":[{"href":"https:\/\/didoc.be\/fr\/wp-json\/wp\/v2\/types\/post"}],"author":[{"embeddable":true,"href":"https:\/\/didoc.be\/fr\/wp-json\/wp\/v2\/users\/1"}],"replies":[{"embeddable":true,"href":"https:\/\/didoc.be\/fr\/wp-json\/wp\/v2\/comments?post=2303"}],"version-history":[{"count":0,"href":"https:\/\/didoc.be\/fr\/wp-json\/wp\/v2\/posts\/2303\/revisions"}],"wp:featuredmedia":[{"embeddable":true,"href":"https:\/\/didoc.be\/fr\/wp-json\/wp\/v2\/media\/4755"}],"wp:attachment":[{"href":"https:\/\/didoc.be\/fr\/wp-json\/wp\/v2\/media?parent=2303"}],"wp:term":[{"taxonomy":"category","embeddable":true,"href":"https:\/\/didoc.be\/fr\/wp-json\/wp\/v2\/categories?post=2303"},{"taxonomy":"post_tag","embeddable":true,"href":"https:\/\/didoc.be\/fr\/wp-json\/wp\/v2\/tags?post=2303"}],"curies":[{"name":"wp","href":"https:\/\/api.w.org\/{rel}","templated":true}]}}