{"id":2292,"date":"2020-03-17T20:23:42","date_gmt":"2020-03-17T19:23:42","guid":{"rendered":"https:\/\/didoc.be\/tenir-bon-en-quarantaine-quelques-conseils\/"},"modified":"2024-02-04T18:43:57","modified_gmt":"2024-02-04T17:43:57","slug":"tenir-bon-en-quarantaine-quelques-conseils","status":"publish","type":"post","link":"https:\/\/didoc.be\/fr\/tenir-bon-en-quarantaine-quelques-conseils\/","title":{"rendered":"Tenir bon en quarantaine. Quelques conseils"},"content":{"rendered":"<p>&nbsp;<\/p>\n<p style=\"text-align: justify\">La propagation du COVID-19 a pouss\u00e9 de nombreux pays \u00e0 prendre des mesures radicales pour endiguer la contagion et \u00e9viter la saturation des services sanitaires. En Belgique, le plan cherche \u00e0 limiter le plus possible les d\u00e9placements et les r\u00e9unions de personnes durant les prochaines semaines.<\/p>\n<p style=\"text-align: justify\">Hospitalis\u00e9, isol\u00e9 chez soi, en quarantaine ou en pr\u00e9vention, en t\u00e9l\u00e9travail, en <em>scolarit\u00e9 \u00e0 distance<\/em>, ou retenu \u00e0 la maison pour prendre soin des enfants ou des petits-enfants, cette inactivit\u00e9 forc\u00e9e, dans un contexte d\u2019incertitude \u00e9conomique, fait courir le risque de sombrer dans le pessimisme ou la peur, ou encore de c\u00e9der \u00e0 une forme d\u2019activisme <em>num\u00e9rique<\/em> \u00e0 la recherche de la derni\u00e8re nouvelle.<\/p>\n<p style=\"text-align: justify\">Or il s\u2019agit de tirer parti de ces circonstances exceptionnelles en pratiquant le civisme de fa\u00e7on responsable, en tirant profit de son temps et en s\u2019unissant \u00e0 ceux qui sont moins bien lotis par la pri\u00e8re.<\/p>\n<p style=\"text-align: justify\"><img loading=\"lazy\" decoding=\"async\" class=\"wp-image-4882 alignleft\" src=\"https:\/\/didoc.be\/wp-content\/uploads\/2020\/03\/Image1-169x300.jpg\" alt=\"\" width=\"402\" height=\"714\" srcset=\"https:\/\/didoc.be\/wp-content\/uploads\/2020\/03\/Image1-169x300.jpg 169w, https:\/\/didoc.be\/wp-content\/uploads\/2020\/03\/Image1-576x1024.jpg 576w, https:\/\/didoc.be\/wp-content\/uploads\/2020\/03\/Image1-363x645.jpg 363w, https:\/\/didoc.be\/wp-content\/uploads\/2020\/03\/Image1-300x534.jpg 300w, https:\/\/didoc.be\/wp-content\/uploads\/2020\/03\/Image1.jpg 600w\" sizes=\"auto, (max-width: 402px) 100vw, 402px\" \/><\/p>\n<p style=\"text-align: justify\">L\u2019Opus Dei veut aider chacun \u00e0 trouver Dieu dans ses circonstances habituelles de travail et de vie familiale. Dans les circonstances pr\u00e9sentes, qui ne sont ni habituelles ni ordinaires, saint Jos\u00e9maria nous apprend aussi \u00e0 tirer de toutes les situations, m\u00eame les pires, quelque chose de positif, car Dieu nous y attend et nous y assiste. Dieu a sans doute une bonne raison de permettre tout cela ; t\u00e2chons d\u2019y faire face avec sens surnaturel, dans la bonne humeur et l\u2019esp\u00e9rance.<\/p>\n<h3 style=\"text-align: justify\">L\u2019exp\u00e9rience de saint Jos\u00e9maria<\/h3>\n<p style=\"text-align: justify\">En avril 1937, saint Jos\u00e9maria v\u00e9cut un isolement semblable, dans des circonstances encore plus dramatiques. \u00c0 Madrid, la guerre civile l\u2019obligea \u00e0 se r\u00e9fugier dans la L\u00e9gation du Honduras. Avec quatre jeunes gens de l\u2019Opus Dei et Santiago, son fr\u00e8re cadet, il y demeura plus de quatre mois, partageant avec une centaine de personnes une seule salle de bains et couchant sur des tapis de sol \u00e9tal\u00e9s dans quelques m\u00e8tres carr\u00e9s.<\/p>\n<p style=\"text-align: justify\">Eduardo Alastru\u00e9, l\u2019un des quatre, raconte ce qu\u2019ils ont v\u00e9cu :<\/p>\n<p style=\"text-align: justify\">\u00ab Certains passaient leur temps \u00e0 ruminer, en silence, leur d\u00e9couragement et leur malheur. D\u2019autres se d\u00e9foulaient en r\u00e9criminant contre leurs malheurs pr\u00e9sents et pass\u00e9s, d\u2019autres se plaignaient sans arr\u00eat de leur sort, de leur carri\u00e8re bris\u00e9e, de leurs biens perdus, de leur avenir incertain et menac\u00e9. La peur, suscit\u00e9e par leurs souffrances et les pers\u00e9cutions subies, les poussait \u00e0 consid\u00e9rer le monde ext\u00e9rieur \u00e0 notre asile comme un lieu inhospitalier. Tr\u00e8s souvent, cette peur se doublait d\u2019une horreur de l\u2019adversaire, d\u2019une haine impuissante sur-le-champ, mais qu\u2019ils comptaient bien assouvir, un jour, dans la revanche. \u00bb<\/p>\n<p style=\"text-align: justify\">Au contraire, le climat que saint Jos\u00e9maria cr\u00e9a autour de lui ne fut que positif et plein d\u2019esp\u00e9rance. Afin de bien occuper leurs journ\u00e9es, il fixa avec eux un horaire avec des temps pour la vie int\u00e9rieure, pour l\u2019\u00e9tude, notamment l\u2019apprentissage des langues vivantes, et pour la d\u00e9tente.<\/p>\n<p style=\"text-align: justify\">\u00ab Qu\u2019elle est monotone, ma vie, aujourd\u2019hui ! disait-il dans une m\u00e9ditation pr\u00each\u00e9e \u00e0 ceux qui l\u2019entouraient. Comment arriver \u00e0 faire fructifier les dons de Dieu dans ce repos forc\u00e9 ? N\u2019oublie pas que tu peux \u00eatre comme un volcan sous la neige (\u2026). En effet, \u00e0 l\u2019ext\u00e9rieur, le gel de la monotonie peut sans doute te glacer, mais \u00e0 l\u2019int\u00e9rieur, le feu n\u2019arr\u00eatera pas de te consumer et tu n\u2019auras de cesse que de compenser ce manque d\u2019activit\u00e9 ext\u00e9rieure par une activit\u00e9 int\u00e9rieure tr\u00e8s intense (&#8230;) \u00bb.<\/p>\n<p style=\"text-align: justify\">Un an plus tard, dans une lettre adress\u00e9e aux membres de l\u2019Opus Dei que la guerre avait dispers\u00e9s, il \u00e9crivait que pour y arriver il fallait prendre soin de sa vie int\u00e9rieure. C\u2019est l\u2019origine du point 294 de <em>Chemin<\/em> :<\/p>\n<p style=\"text-align: justify\">\u00ab On ne voyait pas les plantes toutes couvertes de neige. Et le paysan, propri\u00e9taire du champ, dit tout joyeux : \u201fMaintenant, elles poussent en dedans.\u201d \u2014 J\u2019ai pens\u00e9 \u00e0 toi, \u00e0 ton inactivit\u00e9 forc\u00e9e\u2026 \u2014 Dis-moi, pousses-tu, toi aussi, \u201fen dedans\u201d ? \u00bb<\/p>\n<p class=\"pied\"><span style=\"background-color: inherit;color: inherit;font-family: inherit;font-size: 1rem\">Source:\u00a0<a href=\"https:\/\/opusdei.org\/fr-be\/article\/tenir-bon-en-quarantaine-quelques-conseils-pour-ces-jours\/\">https:\/\/opusdei.org\/fr-be\/article\/tenir-bon-en-quarantaine-quelques-conseils-pour-ces-jours\/<\/a><\/span><\/p>\n","protected":false},"excerpt":{"rendered":"<p>&nbsp;<\/p>\n<p class=\"intro\">Du fait de l\u2019alerte sanitaire des derni\u00e8res semaines, les autorit\u00e9s nous pressent de r\u00e9duire au maximum notre activit\u00e9 sociale et \u00e0 demeurer le plus possible chez nous. Voici quelques conseils pour aborder cette situation nouvelle dans un bon climat spirituel et humain.<\/p>\n","protected":false},"author":1,"featured_media":4886,"comment_status":"open","ping_status":"open","sticky":false,"template":"","format":"standard","meta":{"inline_featured_image":false,"footnotes":""},"categories":[56,65],"tags":[137,138],"class_list":["post-2292","post","type-post","status-publish","format-standard","has-post-thumbnail","hentry","category-papers-fr","category-spiritualite","tag-covid","tag-quarantaine"],"acf":[],"_links":{"self":[{"href":"https:\/\/didoc.be\/fr\/wp-json\/wp\/v2\/posts\/2292","targetHints":{"allow":["GET"]}}],"collection":[{"href":"https:\/\/didoc.be\/fr\/wp-json\/wp\/v2\/posts"}],"about":[{"href":"https:\/\/didoc.be\/fr\/wp-json\/wp\/v2\/types\/post"}],"author":[{"embeddable":true,"href":"https:\/\/didoc.be\/fr\/wp-json\/wp\/v2\/users\/1"}],"replies":[{"embeddable":true,"href":"https:\/\/didoc.be\/fr\/wp-json\/wp\/v2\/comments?post=2292"}],"version-history":[{"count":0,"href":"https:\/\/didoc.be\/fr\/wp-json\/wp\/v2\/posts\/2292\/revisions"}],"wp:featuredmedia":[{"embeddable":true,"href":"https:\/\/didoc.be\/fr\/wp-json\/wp\/v2\/media\/4886"}],"wp:attachment":[{"href":"https:\/\/didoc.be\/fr\/wp-json\/wp\/v2\/media?parent=2292"}],"wp:term":[{"taxonomy":"category","embeddable":true,"href":"https:\/\/didoc.be\/fr\/wp-json\/wp\/v2\/categories?post=2292"},{"taxonomy":"post_tag","embeddable":true,"href":"https:\/\/didoc.be\/fr\/wp-json\/wp\/v2\/tags?post=2292"}],"curies":[{"name":"wp","href":"https:\/\/api.w.org\/{rel}","templated":true}]}}