{"id":2258,"date":"2018-07-31T16:14:10","date_gmt":"2018-07-31T14:14:10","guid":{"rendered":"https:\/\/didoc.be\/une-apologie-de-lapologetique\/"},"modified":"2024-02-12T18:27:30","modified_gmt":"2024-02-12T17:27:30","slug":"une-apologie-de-lapologetique","status":"publish","type":"post","link":"https:\/\/didoc.be\/fr\/une-apologie-de-lapologetique\/","title":{"rendered":"Une apologie de l\u2019apolog\u00e9tique"},"content":{"rendered":"<p>&nbsp;<\/p>\n<p style=\"text-align: justify\">Au cours du XX<sup>e<\/sup> si\u00e8cle, l\u2019apolog\u00e9tique a vu son importance diminuer peu \u00e0 peu. Quelles que soient les causes de cette \u00e9volution, force est de constater que l\u2019apolog\u00e9tique a cess\u00e9 d\u2019\u00eatre consid\u00e9r\u00e9e comme une r\u00e9ponse aux \u00ab attaques des adversaires \u00bb, protestants ou rationalistes. Car, pour reprendre la boutade du j\u00e9suite Ren\u00e9 Latourelle, on trouve aujourd\u2019hui plus d\u2019opposants \u00e0 la foi parmi les croyants que les non-croyants (cf. <em>Nouvelle image de la Fondamentale<\/em>, in : R. Latourelle, et G. O\u2019Collins, \u00e9d., <em>Probl\u00e8mes et perspectives de th\u00e9ologie fondamentale<\/em>, Descl\u00e9e-Bellarmin, Paris-Tournai-Montr\u00e9al, 1982, p. 71-72).<\/p>\n<p style=\"text-align: justify\">Mais peut-\u00eatre avons-nous aussi troqu\u00e9 une apolog\u00e9tique trop optimiste ou na\u00efve pour un pessimisme excessif (cf. Charles Morerod, <em>Quelques ath\u00e9es contemporains \u00e0 la lumi\u00e8re de S. Thomas d\u2019Aquin<\/em>, in <em>Nova et Vetera<\/em>, 82,2 [2007], p. 151-202), motiv\u00e9 par une m\u00e9fiance \u00e0 l\u2019\u00e9gard de la raison. La situation est telle aujourd\u2019hui que les ath\u00e9es estiment avoir le droit d\u2019occuper enti\u00e8rement le terrain de la raison. N\u2019avons-nous pas trop vite abandonn\u00e9 la t\u00e2che de tenter d\u2019apporter une r\u00e9ponse rationnelle au scepticisme ? D\u2019un c\u00f4t\u00e9, nous avons l\u2019obligation de prendre les objections des ath\u00e9es et des \u00ab cherchants \u00bb au s\u00e9rieux, pour manifester notre respect envers tout interlocuteur. De l\u2019autre, nous ne pouvons pas laisser les croyants dans un vide rationnel, qui entra\u00eenerait \u00e9galement la disparition rapide de la foi.<\/p>\n<p style=\"text-align: justify\">Ces consid\u00e9rations expliquent ma curiosit\u00e9 en tombant derni\u00e8rement sur un nouvel ouvrage consacr\u00e9 \u00e0 l\u2019apolog\u00e9tique : <em>Les raisons de la foi, \u00e0 l\u2019\u00e9preuve de la modernit\u00e9<\/em> (\u00c9ditions <em>Le Laurier<\/em>, octobre 2014, traduction n\u00e9erlandaise parue chez <em>De Boog-Betsa\u00efda<\/em> en 2017). L\u2019auteur, Mgr Manuel Cabello, pr\u00eatre et vicaire de l\u2019Opus Dei en Belgique, est docteur en th\u00e9ologie (Universit\u00e9 de Navarre).<\/p>\n<p style=\"text-align: justify\">La lecture m\u2019a confort\u00e9 dans la conviction que le christianisme et les croyants d\u2019aujourd\u2019hui ont tout int\u00e9r\u00eat \u00e0 s\u2019int\u00e9resser de nouveau s\u00e9rieusement \u00e0 l\u2019apolog\u00e9tique. Qui plus est, la clart\u00e9 du style, la rigueur de l\u2019argumentation et la s\u00e9r\u00e9nit\u00e9 du ton m\u2019ont donn\u00e9 envie, non de mettre l\u2019auteur sur la sellette (\u00e9tant d\u2019ailleurs moi-m\u00eame largement gagn\u00e9 \u00e0 sa cause), mais d\u2019engager avec lui une discussion en lui posant une s\u00e9rie de questions qui me semblent tr\u00e8s actuelles.<\/p>\n<p style=\"text-align: justify\"><strong>Puis-je commencer par une question quelque peu provocante ? L\u2019apolog\u00e9tique consiste par d\u00e9finition en une justification et d\u00e9fense rationnelles de la foi. Or, la foi est une gr\u00e2ce de Dieu et, en tant que telle, elle \u00e9chappe \u00e0 la rationalit\u00e9. Cela a-t-il d\u00e8s lors un sens de consacrer tout un livre \u00e0 l\u2019apolog\u00e9tique ?<\/strong><\/p>\n<p style=\"text-align: justify\">La foi est effectivement un fruit de la gr\u00e2ce divine. Mais elle est en m\u00eame temps de l\u2019ordre du rationnel. Si la foi n\u2019avait aucun rapport avec la raison, pire encore, si elle s\u2019opposait \u00e0 celle-ci, cela voudrait dire que Dieu et sa R\u00e9v\u00e9lation seraient irrationnels, qu\u2019ils voudraient nous faire croire des choses contraires \u00e0 la raison, raison dont ce m\u00eame Dieu nous a dot\u00e9s en nous cr\u00e9ant. Ce qui est \u00e9videmment absurde.<\/p>\n<p style=\"text-align: justify\"><strong>Voulez-vous dire par l\u00e0 que la foi peut \u00eatre prouv\u00e9e ?<\/strong><\/p>\n<p style=\"text-align: justify\">Affirmer une telle chose reviendrait \u00e0 tomber dans l\u2019erreur inverse. Jusqu\u2019\u00e0 la fin du XIX<sup>e<\/sup> si\u00e8cle, voire plus tard encore, un courant important de l\u2019apolog\u00e9tique affichait une tendance plus ou moins prononc\u00e9e \u00e0 adopter ce point de vue extr\u00eame.<\/p>\n<p style=\"text-align: justify\">Un autre courant, qui compte aujourd\u2019hui un plus grand nombre de partisans, se distingue sur deux points du courant que je viens de mentionner. Tout d\u2019abord, il adopte une attitude moins rationaliste. Je veux dire par l\u00e0 qu\u2019il n\u2019entend pas prouver la foi. Ensuite, il met l\u2019accent (dans la m\u00eame ligne de pens\u00e9e que saint Augustin et Blaise Pascal, et \u00e9galement que John Henry Newman et Maurice Blondel) sur le fait que l\u2019apolog\u00e9tique ne doit pas s\u2019adresser uniquement \u00e0 la raison, mais doit aussi parler aux sentiments, disons au c\u0153ur.<\/p>\n<p style=\"text-align: justify\">Cela \u00e9tant dit, une importante pr\u00e9cision s\u2019impose ici : la question de l\u2019existence de Dieu ne rel\u00e8ve pas \u00e0 strictement parler de l\u2019apolog\u00e9tique, mais de la philosophie, et plus pr\u00e9cis\u00e9ment de ce que l\u2019on appelle traditionnellement la \u00ab th\u00e9ologie naturelle \u00bb ou encore \u00ab th\u00e9odic\u00e9e \u00bb. Quantit\u00e9 de penseurs de tous les temps ont affirm\u00e9 que la philosophie pouvait prouver l\u2019existence de Dieu. Je pense notamment aux \u00ab cinq voies \u00bb ou \u00e0 \u00ab l\u2019argument ontologique \u00bb.<\/p>\n<p style=\"text-align: justify\"><strong>Ces arguments sont-ils encore valables aujourd\u2019hui ?<\/strong><\/p>\n<p style=\"text-align: justify\">Je pense que oui. Le probl\u00e8me est qu\u2019il n\u2019est pas toujours \u00e9vident, m\u00eame pour des personnes instruites, d\u2019accepter des raisonnements philosophiques voire de les comprendre. \u00c0 notre \u00e9poque, nous sommes visiblement enclins \u00e0 penser que seules les sciences naturelles peuvent produire des preuves certaines.<\/p>\n<p style=\"text-align: justify\">Pour revenir \u00e0 votre question pr\u00e9c\u00e9dente : l\u2019apolog\u00e9tique a donc int\u00e9gr\u00e9 la question de l\u2019existence de Dieu \u00e0 son domaine d\u2019\u00e9tude et ajout\u00e9 aux raisonnements purement philosophiques ou m\u00e9taphysiques une s\u00e9rie d\u2019arguments qui sont d\u2019un autre ordre, qui touchent la personne dans toutes ses dimensions et qui peuvent contribuer \u00e0 ouvrir les esprits \u00e0 l\u2019existence de Dieu. Dans mon livre, concernant la question de Dieu, j\u2019ai voulu passer en revue aussi bien ces arguments que les raisonnements philosophiques.<\/p>\n<p style=\"text-align: justify\"><strong>Au premier chapitre, vous arrivez \u00e0 la conclusion qu\u2019il n\u2019est pas d\u00e9raisonnable de croire en l\u2019existence d\u2019un \u00eatre \u00e0 l\u2019origine de l\u2019univers. Pouvez-vous nous expliquer comment vous passez \u00e0 l\u2019\u00e9tape suivante de l\u2019apolog\u00e9tique, \u00e0 savoir le fait que Dieu nous ait parl\u00e9, mieux encore, qu\u2019il soit \u00ab descendu \u00bb sur terre en la personne de J\u00e9sus-Christ ?<\/strong><\/p>\n<p style=\"text-align: justify\">Je n\u2019ai jamais pu me repr\u00e9senter un Dieu silencieux. Lorsqu\u2019on arrive \u00e0 la conclusion qu\u2019il existe un \u00eatre tout-puissant et omniscient, \u00e0 l\u2019origine de l\u2019univers, et donc aussi de notre existence, il ne me semble pas d\u00e9raisonnable d\u2019affirmer aussi la chose suivante : si cet \u00eatre accorde une telle importance au fait que nous existions, alors il est fort possible qu\u2019il nous ait communiqu\u00e9 ce qu\u2019il attend de nous.<\/p>\n<p style=\"text-align: justify\">Toute personne raisonnable devrait en conclure qu\u2019il serait extr\u00eamement int\u00e9ressant de savoir ce que Dieu a \u00e0 nous dire, car c\u2019est \u00e0 coup s\u00fbr infiniment plus important que tout ce que de grands hommes comme Aristote, Kant ou Einstein ont bien pu enseigner. Je constate avec stup\u00e9faction que les gens n\u2019arrivent souvent pas \u00e0 suivre ce raisonnement.<\/p>\n<p style=\"text-align: justify\">L\u2019\u00e9tude critique et rigoureuse de la possibilit\u00e9 que Dieu nous parle me semble plus raisonnable que de vouloir employer mon esprit critique pour ridiculiser <em>a priori<\/em> ou essayer d\u2019escamoter tous les possibles indices d\u2019un message divin. Cette derni\u00e8re fa\u00e7on de faire me semble m\u00eame contraire \u00e0 la raison.<\/p>\n<p style=\"text-align: justify\"><strong>D\u2019accord, mais cela ne suffit pas pour d\u00e9montrer que Dieu nous a transmis lui-m\u00eame son message par l\u2019entremise de J\u00e9sus de Nazareth, comme nous le croyons, nous, chr\u00e9tiens.<\/strong><\/p>\n<p style=\"text-align: justify\">Vous avez employ\u00e9 le verbe \u00ab d\u00e9montrer \u00bb. Personnellement, je pr\u00e9f\u00e8re ne pas l\u2019utiliser dans ce contexte parce qu\u2019on pourrait interpr\u00e9ter cela comme une volont\u00e9 d\u2019apporter des \u00ab preuves \u00bb. Or, on ne peut pas prouver que J\u00e9sus de Nazareth, tel que nous le connaissons par les \u00e9vangiles, est venu nous pr\u00eacher la parole m\u00eame de Dieu, et encore moins, qu\u2019il est lui-m\u00eame Dieu. On peut avancer des arguments historiques, et c\u2019est ce que l\u2019apolog\u00e9tique fait depuis vingt si\u00e8cles, pour \u00ab montrer \u00bb (et non pas \u00ab d\u00e9montrer \u00bb) que cette affirmation est loin d\u2019\u00eatre irrationnelle. C\u2019est ce que je me suis efforc\u00e9 de faire au deuxi\u00e8me chapitre de mon livre.<\/p>\n<p style=\"text-align: justify\"><strong>Proc\u00e9dons par \u00e9tapes. Car le myst\u00e8re de J\u00e9sus-Christ me semble d\u2019une importance capitale, peut-\u00eatre encore davantage pour les chr\u00e9tiens d\u2019aujourd\u2019hui que pour ceux des premiers temps. Pourriez-vous tout d\u2019abord nous dire si l\u2019on peut affirmer avec certitude que J\u00e9sus de Nazareth a r\u00e9ellement exist\u00e9 ?<\/strong><\/p>\n<p style=\"text-align: justify\">Si l\u2019on accepte que les historiens de l\u2019\u00e9poque \u00e9taient en mesure de nous transmettre des faits certains, la r\u00e9ponse \u00e0 cette question est oui : J\u00e9sus de Nazareth est un personnage historique, qui a v\u00e9cu en Palestine \u00e0 l\u2019\u00e9poque o\u00f9 Ponce Pilate \u00e9tait pr\u00e9fet de Jud\u00e9e\u2009; il a \u00e9t\u00e9 crucifi\u00e9, est mort et ses disciples ont affirm\u00e9 qu\u2019il \u00e9tait ressuscit\u00e9. Ce sont des faits qui sont \u00e9galement mentionn\u00e9s par des sources historiques juives et romaines. Par ailleurs, les \u00e9vangiles et les autres livres du Nouveau Testament nous ont livr\u00e9 d\u2019innombrables paroles et actes de J\u00e9sus que l\u2019on peut attester avec une tr\u00e8s grande certitude.<\/p>\n<p style=\"text-align: justify\">Si nous ne doutons pas de l\u2019existence de S\u00e9n\u00e8que, de Virgile ou d\u2019autres personnages de l\u2019Antiquit\u00e9 tels qu\u2019Hom\u00e8re ou Socrate, je ne vois pas pourquoi nous mettrions en doute l\u2019existence de J\u00e9sus, \u00e0 moins que ce ne soit \u00e0 cause de pr\u00e9jug\u00e9s antichr\u00e9tiens.<\/p>\n<p style=\"text-align: justify\"><strong>Et concernant la divinit\u00e9 de J\u00e9sus-Christ ? Il me semble plus difficile de se prononcer sur la question \u00e0 l\u2019aide d\u2019arguments purement rationnels, non ?<\/strong><\/p>\n<p style=\"text-align: justify\">En effet. Sur ce point, nous ne pouvons nous baser que sur les sources chr\u00e9tiennes, \u00e0 savoir le Nouveau Testament et surtout les quatre \u00e9vangiles. La question qui se pose ici est celle de la fiabilit\u00e9 historique de ces sources.<\/p>\n<p style=\"text-align: justify\">La fiabilit\u00e9 des sources chr\u00e9tiennes a d\u00e9j\u00e0 \u00e9t\u00e9 contest\u00e9e dans l\u2019Antiquit\u00e9, notamment par le philosophe romain Celse. Orig\u00e8ne a habilement r\u00e9pondu aux critiques de celui-ci. De fa\u00e7on plus syst\u00e9matique, mais dans une mesure encore limit\u00e9e, le monde protestant du XVIIIe si\u00e8cle a commenc\u00e9 \u00e0 remettre en question ces sources, principalement dans l\u2019ouvrage de Herman Samuel Reimarus, publi\u00e9 \u00e0 titre posthume par Gotthold Lessing.<\/p>\n<p style=\"text-align: justify\">Le XIX<sup>e<\/sup> si\u00e8cle a vu l\u2019essor du protestantisme dit lib\u00e9ral. Avec un z\u00e8le plut\u00f4t singulier, celui-ci s\u2019est employ\u00e9 \u00e0 saper la fiabilit\u00e9 des \u00e9vangiles, et une s\u00e9rie de th\u00e9ologiens catholiques ont suivi cet exemple, notamment Alfred Loisy, qui est \u00e0 l\u2019origine du mouvement moderniste. Depuis lors, l\u2019\u00e9tude de la bible a toutefois \u00e9norm\u00e9ment progress\u00e9. On peut m\u00eame dire que la fiabilit\u00e9 historique du Nouveau Testament en est ressortie renforc\u00e9e.<\/p>\n<p style=\"text-align: justify\">\u00c0 cet \u00e9gard, le livre que Joseph Ratzinger alias Beno\u00eet XVI a consacr\u00e9 \u00e0 J\u00e9sus est d\u2019une grande importance. C\u2019est une d\u00e9monstration pratique du fait qu\u2019il est raisonnable d\u2019affirmer la divinit\u00e9 de J\u00e9sus Christ en se basant sur le Nouveau Testament, et notamment sur les textes de celui-ci commun\u00e9ment admis par la critique.<\/p>\n<p style=\"text-align: justify\"><strong>Quel est \u00e0 vos yeux le principal argument qui permet d\u2019affirmer que J\u00e9sus est Dieu ?<\/strong><\/p>\n<p style=\"text-align: justify\">Le principal motif est selon moi la conjonction de deux faits : le premier est que J\u00e9sus a affirm\u00e9 express\u00e9ment sa divinit\u00e9, la seconde que cette affirmation a \u00e9t\u00e9 confirm\u00e9e par sa r\u00e9surrection. (Je pr\u00e9cise que, en r\u00e9pondant \u00e0 votre question, je ne veux certainement pas pr\u00e9tendre que cet argument poss\u00e8de <em>en soi<\/em> le pouvoir de susciter la foi, mais simplement qu\u2019il s\u2019agit pour moi d\u2019un argument convaincant, capable de pr\u00e9parer la voie qui m\u00e8ne \u00e0 la foi.)<\/p>\n<p style=\"text-align: justify\">Je tiens encore \u00e0 ajouter que l\u2019existence de l\u2019\u00c9glise est aussi un argument solide en faveur de la cr\u00e9dibilit\u00e9 de la r\u00e9surrection. Selon moi, l\u2019\u00c9glise n\u2019aurait jamais pu conna\u00eetre un essor si fulgurant si elle tirait son origine d\u2019un pseudo-messie rat\u00e9.<\/p>\n<p>Pour lire la suite, cliquez ici.<\/p>\n<p class=\"pied\">Jacques Leirens est pr\u00eatre, docteur en m\u00e9decine et en philosophie. Le livre est en vente <a href=\"https:\/\/didoc.be\/fr\/product\/les-raisons-de-la-foi-m-cabello\/\">ici<\/a>. Ce texte a \u00e9t\u00e9 traduit du n\u00e9erlandais par Pierre Lambert.<\/p>\n<p>&nbsp;<\/p>\n<p>&nbsp;<\/p>\n<p>&nbsp;<\/p>\n<p>&nbsp;<\/p>\n<p>&nbsp;<\/p>\n<p>&nbsp;<\/p>\n<p>&nbsp;<\/p>\n<p>&nbsp;<\/p>\n<p>&nbsp;<\/p>\n<p>&nbsp;<\/p>\n<p>&nbsp;<\/p>\n<p>&nbsp;<\/p>\n<p>&nbsp;<\/p>\n<p>&nbsp;<\/p>\n<p>&nbsp;<\/p>\n<p>&nbsp;<\/p>\n<p>&nbsp;<\/p>\n<p>&nbsp;<\/p>\n<p>&nbsp;<\/p>\n<p>&nbsp;<\/p>\n<p>&nbsp;<\/p>\n<p>&nbsp;<\/p>\n<p>&nbsp;<\/p>\n<p>&nbsp;<\/p>\n<p>&nbsp;<\/p>\n<p>&nbsp;<\/p>\n<p style=\"text-align: justify\"><strong>Nous<\/strong> <strong>voici arriv\u00e9s au troisi\u00e8me chapitre : Pouvons-nous faire confiance \u00e0 l\u2019\u00c9glise ? Question difficile, \u00e9tant donn\u00e9 que l\u2019\u00c9glise est la principale pierre d\u2019achoppement sur le chemin qui conduit \u00e0 la foi chr\u00e9tienne&#8230;<\/strong><\/p>\n<p style=\"text-align: justify\">Vous avez parfaitement raison. Et l\u2019on ne se prive pas d\u2019\u00e9num\u00e9rer les graves erreurs ou p\u00e9ch\u00e9s commis par l\u2019\u00c9glise. Or, il serait plus exact de parler des erreurs ou p\u00e9ch\u00e9s perp\u00e9tr\u00e9s par des chr\u00e9tiens, y compris des pr\u00eatres, \u00e9v\u00eaques et quelques papes.<\/p>\n<p style=\"text-align: justify\">D\u2019une part, on ne peut tenter de dissimuler les actes criminels av\u00e9r\u00e9s, ou pire encore, les nier. Cela ne ferait qu\u2019accro\u00eetre le mal occasionn\u00e9. Les injustices doivent \u00eatre r\u00e9par\u00e9es et les souffrances soulag\u00e9es, c\u2019est un devoir sacr\u00e9. D\u2019autre part, l\u2019\u00c9glise ne se confond pas avec les personnes qui la composent. Il ne faut pas oublier que, pour nous chr\u00e9tiens, l\u2019\u00c9glise est aussi un myst\u00e8re, une r\u00e9alit\u00e9 mystique dont le Christ est la t\u00eate, le Saint-Esprit l\u2019\u00e2me, la sanctification des baptis\u00e9s la finalit\u00e9 et la Parole de Dieu et les sacrements les moyens. Toutes ces r\u00e9alit\u00e9s sont pareillement sacr\u00e9es !<\/p>\n<p style=\"text-align: justify\">Qui plus est, pour reprendre les paroles de Joseph Ratzinger, l\u00e0 o\u00f9 l\u2019\u00c9glise n\u2019existe pas, Dieu est en un certain sens absent \u00e9galement, parce que sa voix ne se fait pas entendre. Le monde reste priv\u00e9 de la pleine v\u00e9rit\u00e9. Nous sommes sauv\u00e9s uniquement par la foi de l\u2019\u00c9glise. Toutes les tentatives de sauver les hommes d\u2019une autre mani\u00e8re ont \u00e9chou\u00e9. Sans la Croix et la R\u00e9surrection, dont les fruits nous parviennent \u00e0 travers l\u2019\u00c9glise, c\u2019est-\u00e0-dire le Corps du Christ, l\u2019homme reste emprisonn\u00e9 dans le carcan de la souffrance et de la mort, incapable de donner un sens \u00e0 ces r\u00e9alit\u00e9s.<\/p>\n<p style=\"text-align: justify\"><strong>Comment expliquez-vous alors que de nombreuses personnes, aux racines chr\u00e9tiennes, qui plus est souvent intelligentes et cultiv\u00e9es, aient tourn\u00e9 le dos \u00e0 l\u2019\u00c9glise et abandonn\u00e9 leur foi en J\u00e9sus-Christ ?<\/strong><\/p>\n<p style=\"text-align: justify\">Au risque de simplifier \u00e0 outrance, je dirais que, depuis environ cinq si\u00e8cles, c\u2019est-\u00e0-dire depuis les d\u00e9buts des Temps modernes, le monde occidental se d\u00e9veloppe essentiellement sous l\u2019impulsion de deux moteurs.<\/p>\n<p style=\"text-align: justify\">Le premier moteur est la rationalit\u00e9 scientifique. Celle-ci nous a certainement apport\u00e9 des avantages, mais les sciences ont peu \u00e0 peu revendiqu\u00e9 le monopole de la raison, tout en y excluant la religion et la foi pour rel\u00e9guer celles-ci dans le domaine des \u00e9motions. Il s\u2019agit d\u2019une \u00e9volution qui n\u2019est nullement justifi\u00e9e et qui a consid\u00e9rablement affaibli la foi.<\/p>\n<p style=\"text-align: justify\">Le second moteur est la libert\u00e9, mais une libert\u00e9 comprise comme autonomie. Cette autonomie entre en conflit avec une \u00c9glise qui \u2014 dit-on \u2014 entend imposer ses fa\u00e7ons de penser et d\u2019agir. Elle n\u2019a plus non plus de lien permanent avec la v\u00e9rit\u00e9, cette derni\u00e8re relevant d\u00e9sormais uniquement du monde scientifique.<\/p>\n<p style=\"text-align: justify\">Il s\u2019agit d\u2019un cocktail l\u00e9tal, aussi pour les chr\u00e9tiens, qui se laissent entra\u00eener par la vision erron\u00e9e selon laquelle la religion entrave la libert\u00e9 et appartient \u00e0 un autre \u00e2ge. Par cons\u00e9quent, s\u2019y int\u00e9resser est du temps perdu, et le mieux est encore de la mettre carr\u00e9ment aux oubliettes.<\/p>\n<p style=\"text-align: justify\"><strong>Vous affirmez donc que le rationalisme scientifique a entra\u00een\u00e9 l\u2019affaiblissement de la foi. Je pense que cela n\u00e9cessite quelques pr\u00e9cisions. \u00cates-vous vraiment convaincu que le d\u00e9veloppement des sciences au cours des derniers si\u00e8cles est la raison pour laquelle les gens ont plus de mal \u00e0 croire aujourd\u2019hui ?<\/strong><\/p>\n<p style=\"text-align: justify\">Non, ce n\u2019est pas ce que j\u2019ai voulu dire. Je voulais seulement attirer l\u2019attention sur la vision commun\u00e9ment admise de nos jours, surtout dans le monde scientifique, selon laquelle il n\u2019existe qu\u2019une seule m\u00e9thode nous permettant d\u2019acqu\u00e9rir des connaissances certaines : celle utilis\u00e9e par les sciences naturelles (en bref : l\u2019observation de la r\u00e9alit\u00e9, la formulation d\u2019une hypoth\u00e8se pour expliquer les ph\u00e9nom\u00e8nes observ\u00e9s et la v\u00e9rification exp\u00e9rimentale de cette hypoth\u00e8se).<\/p>\n<p style=\"text-align: justify\">S\u2019il s\u2019agit de l\u2019unique voie pour conna\u00eetre le vrai, alors la foi se retrouve isol\u00e9e, d\u00e9connect\u00e9e de la v\u00e9rit\u00e9. Elle est condamn\u00e9e \u00e0 dispara\u00eetre. Elle appara\u00eet m\u00eame comme <em>fake<\/em>, irrationnelle, pour reprendre ce que je disais au d\u00e9but de notre entretien. Mais je tiens \u00e0 ajouter que, outre la foi, ce sont aussi les fondements de notre vie sociale (l\u2019\u00e9thique, les droits de l\u2019homme, etc.) qui menacent de sombrer dans les mar\u00e9cages de l\u2019arbitraire et de l\u2019irrationnel.<\/p>\n<p style=\"text-align: justify\"><strong>L\u2019ath\u00e9isme du XIX<sup>e<\/sup> si\u00e8cle semblait avoir perdu ses lettres de noblesse \u00e0 la suite de la crise de la modernit\u00e9. Le \u00ab n\u00e9o-ath\u00e9isme \u00bb injecte-t-il de nouvelles id\u00e9es dans le d\u00e9bat sur la foi ?<\/strong><\/p>\n<p style=\"text-align: justify\">Ce \u00ab nouvel ath\u00e9isme \u00bb est fanatiquement oppos\u00e9 \u00e0 la religion parce qu\u2019il estime que la foi conduit n\u00e9cessairement \u00e0 l\u2019intol\u00e9rance et \u00e0 la violence. Il jure aussi par un \u00e9volutionnisme mat\u00e9rialiste radical. En fait, tout cela n\u2019est pas vraiment nouveau.<\/p>\n<p style=\"text-align: justify\">Il est profess\u00e9 d\u2019une mani\u00e8re particuli\u00e8rement cat\u00e9gorique \u2014 pour ne pas dire agressive \u2014 par un certain nombre de scientifiques de prestige, connus pour leurs travaux de recherche d\u2019avant-garde (en physique, biologie, etc.). Cela contraste avec leur ignorance crasse en mati\u00e8re de religion. Le fait est que, malheureusement, pas mal de gens se laissent convaincre par leurs arguments antireligieux et purement mat\u00e9rialistes.<\/p>\n<p style=\"text-align: justify\">L\u2019un des arguments fondamentaux que le \u00ab nouvel ath\u00e9isme \u00bb aime utiliser est en fait un pseudo-argument, que l\u2019on peut r\u00e9sumer comme suit : <em>les croyants pr\u00e9tendent que chaque \u00eatre a une cause ; l\u2019univers a aussi une cause, que les croyants appellent Dieu ; mais, alors qui a cr\u00e9\u00e9 Dieu ?<\/em> En r\u00e9alit\u00e9, ce probl\u00e8me doit \u00eatre abord\u00e9 autrement. La question \u00e0 laquelle il faut r\u00e9pondre est : <em>pourquoi y a-t-il des \u00eatres contingents ?<\/em> Et la r\u00e9ponse est : <em>parce qu\u2019il y a un \u00eatre n\u00e9cessaire, c\u2019est-\u00e0-dire un \u00eatre qui poss\u00e8de de lui-m\u00eame (et n\u00e9cessairement) l\u2019\u00eatre et qui est la cause de tous les autres \u00eatres. Sans cet \u00eatre que nous appelons Dieu, rien ne peut exister.<\/em><\/p>\n<p style=\"text-align: justify\">Prenons une image simple pour illustrer notre propos : un train compos\u00e9 d\u2019une s\u00e9rie de wagons. Le dernier wagon se meut gr\u00e2ce \u00e0 l\u2019avant-dernier qui le tire, l\u2019avant-dernier gr\u00e2ce au suivant, et ainsi de suite. Vous pouvez ajouter autant de wagons que vous voulez, s\u2019il n\u2019y avait pas de locomotive \u00e0 la t\u00eate du convoi, qui se meut par elle-m\u00eame, rien ne bougerait.<\/p>\n<p style=\"text-align: justify\"><strong>Beaucoup de ceux qui se sont d\u00e9tourn\u00e9s de la foi disent que cela ne les int\u00e9resse pas (ou plus). Pensez-vous que de telles r\u00e9flexions apolog\u00e9tiques sur la v\u00e9rit\u00e9 de la foi peuvent avoir un impact sur ces personnes ?<\/strong><\/p>\n<p style=\"text-align: justify\">La chose la plus importante pour accepter une v\u00e9rit\u00e9 religieuse est la disposition int\u00e9rieure de chaque personne. Blaise Pascal dit \u00e0 cet \u00e9gard dans ses <em>Pens\u00e9es<\/em> : \u00ab Il y a assez de lumi\u00e8re pour ceux qui ne d\u00e9sirent que de voir, et assez d\u2019obscurit\u00e9 pour ceux qui ont une disposition contraire \u00bb. Je suis convaincu que cette disposition int\u00e9rieure est d\u00e9cisive (en plus de la gr\u00e2ce de la foi, bien s\u00fbr).<\/p>\n<p style=\"text-align: justify\"><strong>En d\u2019autres termes, pour croire, nous devons \u00eatre dans une disposition positive de r\u00e9ceptivit\u00e9 \u00e0 la foi. Vous abordez ce th\u00e8me au quatri\u00e8me chapitre de votre livre. Mais comment peut-on acqu\u00e9rir une telle disposition favorable ?<\/strong><\/p>\n<p style=\"text-align: justify\">Il est tr\u00e8s important de pouvoir rencontrer des chr\u00e9tiens qui soient des t\u00e9moins cr\u00e9dibles de la foi, des femmes et des hommes \u00e0 qui l\u2019on peut faire confiance et qui vivent une vie conforme \u00e0 leurs convictions.<\/p>\n<p style=\"text-align: justify\">Un autre point me semble tout aussi essentiel. Permettez-moi de citer \u00e0 nouveau Pascal : \u00ab (&#8230;) la v\u00e9rit\u00e9 sans la charit\u00e9 n\u2019est pas Dieu et est son image et une idole qu\u2019il ne faut point aimer ni adorer \u00bb. Dieu est amour. Et c\u2019est la premi\u00e8re chose que nous devons transmettre, par nos vies de t\u00e9moins de la foi et par nos paroles ; les raisons de croire ne viennent que dans un deuxi\u00e8me temps. Les derniers papes ont constamment insist\u00e9 sur ce point, et Fran\u00e7ois en particulier.<\/p>\n<p style=\"text-align: justify\"><strong>Pour conclure : \u00e0 quel public s\u2019adresse votre livre ?<\/strong><\/p>\n<p style=\"text-align: justify\">Aux croyants en qui r\u00e9sonnent les paroles famili\u00e8res de Pierre : \u00ab Soyez toujours pr\u00eats \u00e0 r\u00e9pondre pour votre d\u00e9fense \u00e0 quiconque vous demandera raison de votre esp\u00e9rance. \u00bb (<em>1 P<\/em> 3, 15)<\/p>\n<p style=\"text-align: justify\">Un chr\u00e9tien capable de d\u00e9fendre sa foi et d\u2019expliquer <em>pourquoi<\/em> il croit rend un grand service aux futures g\u00e9n\u00e9rations de chr\u00e9tiens. Il forme un maillon solide qui garantit la continuit\u00e9 de l\u2019\u00c9glise et de la mission que J\u00e9sus lui a confi\u00e9e. Par contre, qui ne fait rien pour \u00ab rendre raison \u00bb de sa foi court le risque, dans notre monde en voie de d\u00e9christianisation, de perdre la foi. \u00c0 l\u2019instar d\u2019une personne \u00e0 la sant\u00e9 instable, qui met sa vie en danger en se rendant dans une r\u00e9gion touch\u00e9e par une grave \u00e9pid\u00e9mie.<\/p>\n<p style=\"text-align: justify\">Bien entendu, ce livre s\u2019adresse aussi \u00e0 tous ceux qui s\u2019int\u00e9ressent \u00e0 notre foi, avec l\u2019intention de leur montrer que la vision chr\u00e9tienne du monde n\u2019est pas irrationnelle, mais tout \u00e0 fait coh\u00e9rente. Qu\u2019elle n\u2019est pas une simple option pr\u00e9f\u00e9r\u00e9e pour des raisons familiales ou \u00e9motives, par exemple pour trouver du r\u00e9confort dans cette vie p\u00e9nible.<\/p>\n<p style=\"text-align: justify\">En un mot : la foi est aussi cr\u00e9dible pour une personne du XX<sup>e<\/sup> si\u00e8cle qui fait usage de sa raison.<\/p>\n","protected":false},"excerpt":{"rendered":"<p>Quels sont les fondements de notre foi ? Nous vous proposons un entretien avec Manuel Cabello, auteur du livre Les raisons de la foi, \u00e0 l\u2019\u00e9preuve de la modernit\u00e9. Cette interview est parue initialement dans la revue Emmaus en janvier 2018.<\/p>\n","protected":false},"author":1,"featured_media":5127,"comment_status":"open","ping_status":"open","sticky":false,"template":"","format":"standard","meta":{"inline_featured_image":false,"footnotes":""},"categories":[67,69],"tags":[116,169],"class_list":["post-2258","post","type-post","status-publish","format-standard","has-post-thumbnail","hentry","category-foi","category-recension-livre","tag-apologetique","tag-raisons-de-la-foi"],"acf":[],"_links":{"self":[{"href":"https:\/\/didoc.be\/fr\/wp-json\/wp\/v2\/posts\/2258","targetHints":{"allow":["GET"]}}],"collection":[{"href":"https:\/\/didoc.be\/fr\/wp-json\/wp\/v2\/posts"}],"about":[{"href":"https:\/\/didoc.be\/fr\/wp-json\/wp\/v2\/types\/post"}],"author":[{"embeddable":true,"href":"https:\/\/didoc.be\/fr\/wp-json\/wp\/v2\/users\/1"}],"replies":[{"embeddable":true,"href":"https:\/\/didoc.be\/fr\/wp-json\/wp\/v2\/comments?post=2258"}],"version-history":[{"count":0,"href":"https:\/\/didoc.be\/fr\/wp-json\/wp\/v2\/posts\/2258\/revisions"}],"wp:featuredmedia":[{"embeddable":true,"href":"https:\/\/didoc.be\/fr\/wp-json\/wp\/v2\/media\/5127"}],"wp:attachment":[{"href":"https:\/\/didoc.be\/fr\/wp-json\/wp\/v2\/media?parent=2258"}],"wp:term":[{"taxonomy":"category","embeddable":true,"href":"https:\/\/didoc.be\/fr\/wp-json\/wp\/v2\/categories?post=2258"},{"taxonomy":"post_tag","embeddable":true,"href":"https:\/\/didoc.be\/fr\/wp-json\/wp\/v2\/tags?post=2258"}],"curies":[{"name":"wp","href":"https:\/\/api.w.org\/{rel}","templated":true}]}}