{"id":2142,"date":"2013-06-17T12:51:39","date_gmt":"2013-06-17T10:51:39","guid":{"rendered":"https:\/\/didoc.be\/pour-une-union-homosexuelle-civile\/"},"modified":"2023-11-09T15:49:29","modified_gmt":"2023-11-09T14:49:29","slug":"pour-une-union-homosexuelle-civile","status":"publish","type":"post","link":"https:\/\/didoc.be\/fr\/pour-une-union-homosexuelle-civile\/","title":{"rendered":"Pour une union homosexuelle civile?"},"content":{"rendered":"<p class=\"intro\">&nbsp;<\/p>\n<p style=\"text-align: justify;\">Ces questions ont \u00e9t\u00e9 soulev\u00e9es \u00e0 l\u2019occasion des r\u00e9centes manifestations en France contre la loi Taubira, sur le mariage homosexuel.<\/p>\n<p style=\"text-align: justify;\">Dans un autre <a href=\"papersfr&amp;Itemid=125\" target=\"_blank\" rel=\"noopener\">article<\/a> repris sur didoc, Mgr Tony Anatrella, pr\u00eatre et psychanaliste, sp\u00e9cialis\u00e9 dans les questions du <em>gender<\/em> et de l\u2019homosexualit\u00e9, consulteur des Conseils pontificaux pour la Famille et la Sant\u00e9, pr\u00e9cise d\u2019embl\u00e9e : <em>\u00ab La seule solution qui pourrait \u00e9ventuellement \u00eatre envisag\u00e9e (\u2026) est non pas une union civile comme certains politiques le sugg\u00e8rent car en fait elle ressemblerait \u00e0 un mariage-bis comme le Pacs, mais un contrat de biens pass\u00e9 devant un notaire et qui serait ouvert \u00e0 tous. Le mariage \u00e9tant r\u00e9serv\u00e9 exclusivement \u00e0 l\u2019alliance fond\u00e9e entre un homme et une femme \u00bb<\/em>.<\/p>\n<p style=\"text-align: justify;\">On peut comprendre que des personnes qui vivent ensemble entendent se mettre d\u2019accord sur certaines questions, comme par exemple la propri\u00e9t\u00e9, l\u2019usage ou le legs de biens patrimoniaux. Mais cela n\u2019a rien \u00e0 voir avec la reconnaissance, par l\u2019Etat, d\u2019une union civile entre personnes homosexuelles. Une telle union soul\u00e8verait diff\u00e9rents probl\u00e8mes :<\/p>\n<ul>\n<li style=\"text-align: justify;\">ce serait reconna\u00eetre le bien-fond\u00e9 de ce type sp\u00e9cifique de communaut\u00e9 de vie, ce qui est pr\u00e9cis\u00e9ment tout l\u2019enjeu du d\u00e9bat : est-il salutaire pour la soci\u00e9t\u00e9 \u2014 et pour sa cellule fondamentale, qui est la famille \u2014 de reconna\u00eetre et de promouvoir officiellement l\u2019union homosexuelle, en l\u2019\u00e9levant \u00e0 un rang comparable \u00e0 celui du mariage (a fortiori en instaurant un soi-disant \u00ab mariage homosexuel \u00bb) ?<\/li>\n<\/ul>\n<ul>\n<li style=\"text-align: justify;\">ce statut pourrait constituer une discrimination pour d\u2019autres personnes qui vivent ensemble, comme un fr\u00e8re et une s\u0153ur par exemple, ou un p\u00e8re veuf et \u00e2g\u00e9, vivant avec son fils, ou des personnes \u00e2g\u00e9es qui partagent un m\u00eame logement. Ces personnes ne pourraient b\u00e9n\u00e9ficier des avantages de ce statut, n\u2019ayant pas de comportement homosexuel entre elles. Les personnes mari\u00e9es risquent \u00e9galement d\u2019\u00eatre discrimin\u00e9es au cas o\u00f9 ce statut allouerait plus de droits aux \u00ab couples \u00bb homosexuels qu\u2019aux personnes mari\u00e9es, ou au cas o\u00f9 il comporterait moins d\u2019exigences que celles du mariage.<\/li>\n<\/ul>\n<p style=\"text-align: justify;\">Mgr L\u00e9onard a repris ce raisonnement \u00e0 son compte, comme en t\u00e9moignent les propos r\u00e9cents de son porte-parole, Jeroen Moens. Voici un extrait d\u2019un article de <a href=\"http:\/\/www.lifesitenews.com\/news\/contrary-to-reports-brussels-archbishop-did-not-ok-homosexual-civil-unions\/\" target=\"_blank\" rel=\"noopener\">LifesiteNews<\/a>, r\u00e9percut\u00e9 par <a href=\"http:\/\/belgicatho.hautetfort.com\/archive\/2013\/06\/11\/index.html\" target=\"_blank\" rel=\"noopener\">Belgicatho<\/a> : <em>\u00ab (\u2026) la position de l\u2019archev\u00eaque est qu\u2019\u201cil n\u2019y a rien contre des conventions civiles entre deux personnes concernant leurs biens\u201d. \u201cIl est permis d\u2019avoir un accord entre deux personnes, quelles qu\u2019elles soient. Ceci n\u2019entra\u00eene ni union civile ni mariage. Tout un chacun est libre d\u2019\u00e9tablir une convention quelconque concernant ses biens\u201d Il peut s\u2019agir, souligna-t-il, d\u2019\u201cune convention entre tout genre de personnes, mais ce n\u2019est ni une \u2018relation\u2019 ni un mariage. Une tante peut \u00e9tablir une convention avec sa ni\u00e8ce, un pr\u00eatre avec une personne de confiance\u201d en vue de disposer de leurs biens et d\u2019en organiser l\u2019usage.<\/em><\/p>\n<p style=\"text-align: justify;\"><em>Moens avait dit au <\/em>Tijd [un des journaux belges qui ont publi\u00e9 r\u00e9cemment des d\u00e9clarations du cardinal Danneels sur cette question] <em>qu\u2019aux yeux de l\u2019Eglise, le mariage surgit \u201cdans la compl\u00e9mentarit\u00e9 de l\u2019homme et de la femme. Une telle compl\u00e9mentarit\u00e9 est impossible entre deux personnes de m\u00eame sexe\u201d (\u2026) Moens a dit \u00e0 LifesiteNews : \u201cNi le cardinal ni l\u2019archev\u00eaque ne sont en faveur d\u2019unions civiles homosexuelles\u201d \u00bb.<\/em><\/p>\n<p style=\"text-align: justify;\">Ces consid\u00e9rations rejoignent ce que disait d\u00e9j\u00e0 la Congr\u00e9gation pour la Doctrine de la Foi, dans un <a href=\"http:\/\/www.vatican.va\/roman_curia\/congregations\/cfaith\/documents\/rc_con_cfaith_doc_20030731_homosexual-unions_fr.html\" target=\"_blank\" rel=\"noopener\">document<\/a> de 2003, sign\u00e9 par le cardinal Ratzinger : <em>\u00ab Lorsqu&rsquo;on est confront\u00e9 \u00e0 la reconnaissance juridique des unions homosexuelles, ou au fait d&rsquo;assimiler juridiquement les unions homosexuelles au mariage, leur donnant acc\u00e8s aux droits qui sont propres \u00e0 ce dernier, on doit s&rsquo;y opposer de mani\u00e8re claire et incisive. Il faut s&rsquo;abstenir de toute forme de coop\u00e9ration formelle \u00e0 la promulgation ou \u00e0 l&rsquo;application de lois si gravement injustes, et autant que possible ne pas coop\u00e9rer mat\u00e9riellement \u00e0 leur application. En la mati\u00e8re, chacun peut revendiquer le droit \u00e0 l&rsquo;objection de conscience \u00bb<\/em>.<\/p>\n<p><span style=\"font-size: 10pt;\"><em class=\"pied\">St\u00e9phane Seminckx est pr\u00eatre, Docteur en M\u00e9decine et en Th\u00e9ologie.<\/em><\/span><\/p>\n","protected":false},"excerpt":{"rendered":"<p class=\"intro\"><br style=\"clear: none;\" \/>Certains organes de presse ont pr\u00eat\u00e9 r\u00e9cemment au cardinal Danneels des propos ambigus. A les croire, le cardinal serait partisan d\u2019une union homosexuelle civile sp\u00e9cifique, \u00e0 condition de ne pas l\u2019appeler mariage. Cette formule est \u00e9voqu\u00e9e ici et l\u00e0 comme une solution \u00e9l\u00e9gante, une belle preuve d\u2019ouverture d\u2019esprit, qui sauvegarderait en m\u00eame temps le vrai sens du mariage.<\/p>\n","protected":false},"author":1,"featured_media":0,"comment_status":"open","ping_status":"open","sticky":false,"template":"","format":"standard","meta":{"inline_featured_image":false,"footnotes":""},"categories":[71,68,30],"tags":[],"class_list":["post-2142","post","type-post","status-publish","format-standard","hentry","category-bioethique","category-mariage-et-famille","category-papers"],"acf":[],"_links":{"self":[{"href":"https:\/\/didoc.be\/fr\/wp-json\/wp\/v2\/posts\/2142","targetHints":{"allow":["GET"]}}],"collection":[{"href":"https:\/\/didoc.be\/fr\/wp-json\/wp\/v2\/posts"}],"about":[{"href":"https:\/\/didoc.be\/fr\/wp-json\/wp\/v2\/types\/post"}],"author":[{"embeddable":true,"href":"https:\/\/didoc.be\/fr\/wp-json\/wp\/v2\/users\/1"}],"replies":[{"embeddable":true,"href":"https:\/\/didoc.be\/fr\/wp-json\/wp\/v2\/comments?post=2142"}],"version-history":[{"count":0,"href":"https:\/\/didoc.be\/fr\/wp-json\/wp\/v2\/posts\/2142\/revisions"}],"wp:attachment":[{"href":"https:\/\/didoc.be\/fr\/wp-json\/wp\/v2\/media?parent=2142"}],"wp:term":[{"taxonomy":"category","embeddable":true,"href":"https:\/\/didoc.be\/fr\/wp-json\/wp\/v2\/categories?post=2142"},{"taxonomy":"post_tag","embeddable":true,"href":"https:\/\/didoc.be\/fr\/wp-json\/wp\/v2\/tags?post=2142"}],"curies":[{"name":"wp","href":"https:\/\/api.w.org\/{rel}","templated":true}]}}